{"id":110477,"date":"2021-02-02T16:55:33","date_gmt":"2021-02-02T21:55:33","guid":{"rendered":"https:\/\/linitiative.ca\/International\/tunisie-lerreur-monumentale-de-communication-dali-kooli\/"},"modified":"2021-02-02T16:55:33","modified_gmt":"2021-02-02T21:55:33","slug":"tunisie-lerreur-monumentale-de-communication-dali-kooli","status":"publish","type":"post","link":"https:\/\/linitiative.ca\/International\/tunisie-lerreur-monumentale-de-communication-dali-kooli\/","title":{"rendered":"Tunisie \u2013 L\u2019erreur monumentale de communication d\u2019Ali Kooli"},"content":{"rendered":"<div class=\"post-cont-in left relative\">\n<div id=\"post-info-wrap\" class=\"left relative post-info-out\">\n<div class=\"post-info-img left relative\"><img loading=\"lazy\" decoding=\"async\" alt=\"\" src=\"https:\/\/secure.gravatar.com\/avatar\/96253f4a657b482a18e837c1252096c2?s=50&amp;d=mm&amp;r=g\" srcset=\"https:\/\/secure.gravatar.com\/avatar\/96253f4a657b482a18e837c1252096c2?s=100&amp;d=mm&amp;r=g 2x\" class=\"avatar avatar-50 photo\" height=\"50\" width=\"50\"\/><\/div>\n<div class=\"post-info-in\">\n<div class=\"post-info-right left relative post-info-name left relative\"><span><span class=\"post-info-text\">Par<\/span> <span class=\"author-name vcard fn author\"><a href=\"https:\/\/www.tunisienumerique.com\/author\/saber\/\" title=\"Articles par Saber .\" rel=\"author\">Saber .<\/a><\/span><\/span> <span class=\"post-date updated\"><time class=\"post-date updated\" datetime=\"2021-02-02\">\u00a0| Il y a 1 minute<\/time><\/span><\/div>\n<div class=\"left relative\"><button id=\"listenButton1\" class=\"responsivevoice-button\" type=\"button\" value=\"Play\" title=\"&#xC9;coutez l'article\"><span>\ud83d\udd0a \u00c9coutez l&rsquo;article<\/span><\/button> <\/div>\n<\/div>\n<\/div>\n<p>Le ministre de l\u2019\u00e9conomie et des finances, Ali Kooli, a op\u00e9r\u00e9 un d\u00e9rapage de langage, aux cons\u00e9quences tr\u00e8s graves, lors d\u2019un entretien accord\u00e9 \u00e0 un m\u00e9dia, qui plus est, \u00e9tait un m\u00e9dia \u00e9tranger. C\u2019est dire que les propos de ce ministre sont pris au mot, et sont consid\u00e9r\u00e9s comme le reflet de la position officielle du gouvernement, et une sorte d\u2019engagement, de la part de ce responsable de premier ordre.<\/p>\n<div class=\"code-block code-block-1 c4\"><ins class=\"adsbygoogle c3\" data-ad-layout=\"in-article\" data-ad-format=\"fluid\" data-ad-client=\"ca-pub-2102118777505746\" data-ad-slot=\"7301775417\"\/> <\/div>\n<p>Or,\u00a0 il semble que pour notre brillantissime super ministre, le fait de dire un mot de plus ou un mot de moins n\u2019a pas d\u2019importance. C\u2019est ainsi qu\u2019il a commis une erreur de communication monumentale, en assurant que son gouvernement a d\u00e9cid\u00e9 de \u00ab\u00a0revoir \u00e0 la baisse les salaires\u00a0\u00bb. Alors qu\u2019il voulait, vraisemblablement, dire \u00ab\u00a0revoir \u00e0 la baisse la masse des salaires\u00a0\u00bb. Ce qui est fondamentalement diff\u00e9rent.<\/p>\n<p>Un ministre de son gabarit et de sa comp\u00e9tence ne devrait, en aucun cas, de permettre de tels \u00e9carts de langage. Des \u00e9carts qui seront interpr\u00e9t\u00e9s \u00e0 la lettre par les m\u00e9dias, surtout quand il s\u2019agit de m\u00e9dias \u00e9trangers tout confiants en la comp\u00e9tence et la science du monsieur.<\/p>\n<p>Pour lors, il est devenu acquis que le gouvernement tunisien va op\u00e9rer des baisses des salaires. Et on est curieux de voir comment notre super ministre va pouvoir convaincre les m\u00e9dias \u00e9trangers que sa phrase a \u00e9t\u00e9 d\u00e9natur\u00e9e et retir\u00e9e de son contexte\u00a0!<\/p>\n<div class=\"swp_social_panel swp_horizontal_panel swp_flat_fresh swp_default_full_color swp_individual_full_color swp_other_full_color scale-100 scale-\" data-min-width=\"1100\" data-float-color=\"#ffffff\" data-float=\"bottom\" data-float-mobile=\"bottom\" data-transition=\"slide\">\n<div class=\"nc_tweetContainer swp_share_button total_shares total_sharesalt\"><span class=\"swp_count\">0 <span class=\"swp_label\">Partages<\/span><\/span><\/div>\n<\/div>\n<p><strong>Que se passe-t-il en Tunisie?<\/strong><br \/>Nous expliquons sur notre <a href=\"https:\/\/www.youtube.com\/channel\/UCRzypVq0B_yBad5eGrwBx0Q?sub_confirmation=1\" target=\"_blank\" rel=\"noopener\">cha\u00eene YouTube<\/a> . <a href=\"https:\/\/www.youtube.com\/channel\/UCRzypVq0B_yBad5eGrwBx0Q?sub_confirmation=1\" target=\"_blank\" rel=\"noopener\">Abonnez-vous!<\/a><\/p>\n<div class=\"mvp-org-wrap mvp-org-logo\" itemprop=\"publisher\"><img decoding=\"async\" src=\"https:\/\/www.tunisienumerique.com\/wp-content\/uploads\/2017\/02\/logo_tunisie_numerique.png\"\/><\/div>\n<div class=\"mvp-related-posts left relative\">\n<h4 class=\"post-header\"><span class=\"post-header\">Lire aussi<\/span><\/h4>\n<\/div>\n<div id=\"article-ad\"><ins class=\"adsbygoogle c5\" data-ad-client=\"ca-pub-2102118777505746\" data-ad-slot=\"6513972734\" data-ad-format=\"auto\" data-full-width-responsive=\"true\"\/> <\/div>\n<\/div>\n<div id=\"post-sidebar-wrap\"><ins class=\"adsbygoogle c5\" data-ad-client=\"ca-pub-2102118777505746\" data-ad-slot=\"6168283410\" data-ad-format=\"auto\" data-full-width-responsive=\"true\"\/> <\/div>\n<p>Auteur: Saber .<br \/>\n<a href=\"https:\/\/www.tunisienumerique.com\/tunisie-lerreur-monumentale-de-communication-dali-kooli\/\">Cliquez ici pour lire l&rsquo;article depuis sa source.<\/a><\/p>\n","protected":false},"excerpt":{"rendered":"<p>Par Saber . \u00a0| Il y a 1 minute \ud83d\udd0a \u00c9coutez l&rsquo;article Le ministre de l\u2019\u00e9conomie et des finances, Ali Kooli, a op\u00e9r\u00e9 un d\u00e9rapage de langage, aux cons\u00e9quences tr\u00e8s graves, lors d\u2019un entretien accord\u00e9 \u00e0 un m\u00e9dia, qui plus est, \u00e9tait un m\u00e9dia \u00e9tranger. C\u2019est dire que les propos de ce ministre sont pris [&hellip;]<\/p>\n","protected":false},"author":1789,"featured_media":0,"comment_status":"closed","ping_status":"closed","sticky":false,"template":"","format":"standard","meta":{"fifu_image_url":"https:\/\/secure.gravatar.com\/avatar\/96253f4a657b482a18e837c1252096c2?s=50&d=mm&r=g","fifu_image_alt":"Tunisie \u2013 L\u2019erreur monumentale de communication d\u2019Ali Kooli","footnotes":""},"categories":[73,55],"tags":[],"class_list":["post-110477","post","type-post","status-publish","format-standard","hentry","category-actualite","category-tunisie"],"_links":{"self":[{"href":"https:\/\/linitiative.ca\/International\/wp-json\/wp\/v2\/posts\/110477","targetHints":{"allow":["GET"]}}],"collection":[{"href":"https:\/\/linitiative.ca\/International\/wp-json\/wp\/v2\/posts"}],"about":[{"href":"https:\/\/linitiative.ca\/International\/wp-json\/wp\/v2\/types\/post"}],"author":[{"embeddable":true,"href":"https:\/\/linitiative.ca\/International\/wp-json\/wp\/v2\/users\/1789"}],"replies":[{"embeddable":true,"href":"https:\/\/linitiative.ca\/International\/wp-json\/wp\/v2\/comments?post=110477"}],"version-history":[{"count":0,"href":"https:\/\/linitiative.ca\/International\/wp-json\/wp\/v2\/posts\/110477\/revisions"}],"wp:attachment":[{"href":"https:\/\/linitiative.ca\/International\/wp-json\/wp\/v2\/media?parent=110477"}],"wp:term":[{"taxonomy":"category","embeddable":true,"href":"https:\/\/linitiative.ca\/International\/wp-json\/wp\/v2\/categories?post=110477"},{"taxonomy":"post_tag","embeddable":true,"href":"https:\/\/linitiative.ca\/International\/wp-json\/wp\/v2\/tags?post=110477"}],"curies":[{"name":"wp","href":"https:\/\/api.w.org\/{rel}","templated":true}]}}