{"id":110478,"date":"2021-02-02T13:57:15","date_gmt":"2021-02-02T18:57:15","guid":{"rendered":"https:\/\/linitiative.ca\/International\/poursuites-judiciaires-et-motion-de-censure-contre-le-president-du-senat-en-rdc\/"},"modified":"2021-02-02T13:57:15","modified_gmt":"2021-02-02T18:57:15","slug":"poursuites-judiciaires-et-motion-de-censure-contre-le-president-du-senat-en-rdc","status":"publish","type":"post","link":"https:\/\/linitiative.ca\/International\/poursuites-judiciaires-et-motion-de-censure-contre-le-president-du-senat-en-rdc\/","title":{"rendered":"POURSUITES JUDICIAIRES ET MOTION DE CENSURE CONTRE LE PRESIDENT DU SENAT EN RDC"},"content":{"rendered":"<p class=\"c4\"><em>D\u00e9cid\u00e9ment, il ne fait pas bon \u00eatre pro-Kabila en R\u00e9publique d\u00e9mocratique du Congo (RDC), surtout par ces temps qui courent. En effet, depuis le divorce entre le Front commun pour le Congo (FCC) de Joseph Kabila et le Cap pour le changement (CACH) de F\u00e9lix Tshisek\u00e9di, l\u2019on assiste \u00e0 une traque sans merci de tous les partisans de l\u2019ex-pr\u00e9sident. Ainsi, apr\u00e8s la destitution de la pr\u00e9sidente de l\u2019Assembl\u00e9e nationale, suivie de celle du Premier ministre, tous les deux connus pour \u00eatre proches de Kabila, c\u2019est au tour du pr\u00e9sident du S\u00e9nat d\u2019avoir le sommeil trouble. Alexis Thambwe Mwamba, puisque c\u2019est de lui qu\u2019il s\u2019agit, est dans le collimateur de la Justice qui souhaite l\u2019entendre pour des faits pr\u00e9sum\u00e9s de d\u00e9tournements de deniers publics et ce, au moment o\u00f9 l\u2019int\u00e9ress\u00e9 est vis\u00e9 par une motion de censure au sein du S\u00e9nat. A cet effet, plusieurs p\u00e9titions ont d\u2019ailleurs \u00e9t\u00e9 d\u00e9pos\u00e9es depuis quelques jours. D\u00e8s lors, on comprend pourquoi la session extraordinaire d\u2019hier, 2 f\u00e9vier 2021, consacr\u00e9e \u00e0 l\u2019examen et l\u2019adoption du projet de loi de ratification portant cr\u00e9ation de la Zone de libre \u00e9change continentale africaine, a \u00e9t\u00e9 des plus houleuses; certains s\u00e9nateurs ayant failli en venir aux mains.\u00a0<\/em> <em>Cela dit, m\u00eame si Alexis Thambwe Mwamba semble faire de la r\u00e9sistance en insistant qu\u2019aucune motion de censure ne saurait \u00eatre examin\u00e9e pendant la session extraordinaire en cours, il sait, tout de m\u00eame, que les carottes sont cuites pour lui. Car, on ne sait pas par quelle maestria, il pourra se tirer d\u2019affaire. Son mentor Kabila n\u2019\u00e9tant plus aux affaires, il ne dispose d\u2019aucune marge de man\u0153uvre.<\/em><\/p>\n<p class=\"c6\"><strong><em>Le pr\u00e9sident Tshis\u00e9kedi gagnerait \u00e0 ne pas donner l\u2019impression de se livrer \u00e0 une chasse aux sorci\u00e8res<\/em><\/strong><\/p>\n<p class=\"c4\"><em>Et quand on sait que le pr\u00e9sident F\u00e9lix Tshis\u00e9kedi n\u2019a pas h\u00e9sit\u00e9 \u00e0 livrer son propre directeur de cabinet en la personne de Vital Kamerhe, \u00e0 la Justice, on peut dire que le pr\u00e9sident du S\u00e9nat a du mouron \u00e0 se faire. Du reste, pour autant qu\u2019il n\u2019ait rien \u00e0 se reprocher, il gagnerait \u00e0 prendre les devants en rendant le tablier afin de mieux pr\u00e9parer sa d\u00e9fense. Car, contrairement \u00e0 la pr\u00e9sidente de l\u2019Assembl\u00e9e nationale et au Premier ministre qui ont \u00e9t\u00e9 destitu\u00e9s sans pr\u00e9judice de poursuites judiciaires, lui, risque, apr\u00e8s sa d\u00e9ch\u00e9ance qui ne saurait tarder, d\u2019aller en prison.\u00a0\u00a0<\/em> <em>En tout cas, pour le parquet de la Cour de cassation, les faits sont tellement t\u00eatus qu\u2019il n\u2019y a pas de doute que le pr\u00e9sident du S\u00e9nat a tremp\u00e9 la main dans le cambouis. A lui donc d\u2019en d\u00e9montrer le contraire afin de convaincre la Cour. On attend de voir. Cela dit, s\u2019il est vrai qu\u2019il a r\u00e9ussi le tour de force de s\u2019affranchir de la tutelle de Kabila et compagnie, le pr\u00e9sident F\u00e9lix Tshis\u00e9kedi gagnerait \u00e0 ne pas donner l\u2019impression de se livrer \u00e0 une chasse aux sorci\u00e8res. Car, \u00e0 vouloir trop diaboliser les pro-Kabila, il court le risque de les rendre finalement sympathiques quoique ces derniers, il faut le reconna\u00eetre, aient aussi trop tir\u00e9 sur la corde \u00e0 travers leur comportement de d\u00e9fiance vis-\u00e0-vis du chef de l\u2019Etat.<\/em><\/p>\n<p class=\"c6\"><strong><em>B.O<\/em><\/strong><\/p>\n<p>Auteur: Le Pays<br \/>\n<a href=\"https:\/\/lepays.bf\/poursuites-judiciaires-et-motion-de-censure-contre-le-president-du-senat-en-rdc\/\">Cliquez ici pour lire l&rsquo;article depuis sa source.<\/a><\/p>\n","protected":false},"excerpt":{"rendered":"<p>D\u00e9cid\u00e9ment, il ne fait pas bon \u00eatre pro-Kabila en R\u00e9publique d\u00e9mocratique du Congo (RDC), surtout par ces temps qui courent. En effet, depuis le divorce entre le Front commun pour le Congo (FCC) de Joseph Kabila et le Cap pour le changement (CACH) de F\u00e9lix Tshisek\u00e9di, l\u2019on assiste \u00e0 une traque sans merci de tous [&hellip;]<\/p>\n","protected":false},"author":1813,"featured_media":0,"comment_status":"closed","ping_status":"closed","sticky":false,"template":"","format":"standard","meta":{"fifu_image_url":"","fifu_image_alt":"","footnotes":""},"categories":[73,81],"tags":[],"class_list":["post-110478","post","type-post","status-publish","format-standard","hentry","category-actualite","category-burkina-faso"],"_links":{"self":[{"href":"https:\/\/linitiative.ca\/International\/wp-json\/wp\/v2\/posts\/110478","targetHints":{"allow":["GET"]}}],"collection":[{"href":"https:\/\/linitiative.ca\/International\/wp-json\/wp\/v2\/posts"}],"about":[{"href":"https:\/\/linitiative.ca\/International\/wp-json\/wp\/v2\/types\/post"}],"author":[{"embeddable":true,"href":"https:\/\/linitiative.ca\/International\/wp-json\/wp\/v2\/users\/1813"}],"replies":[{"embeddable":true,"href":"https:\/\/linitiative.ca\/International\/wp-json\/wp\/v2\/comments?post=110478"}],"version-history":[{"count":0,"href":"https:\/\/linitiative.ca\/International\/wp-json\/wp\/v2\/posts\/110478\/revisions"}],"wp:attachment":[{"href":"https:\/\/linitiative.ca\/International\/wp-json\/wp\/v2\/media?parent=110478"}],"wp:term":[{"taxonomy":"category","embeddable":true,"href":"https:\/\/linitiative.ca\/International\/wp-json\/wp\/v2\/categories?post=110478"},{"taxonomy":"post_tag","embeddable":true,"href":"https:\/\/linitiative.ca\/International\/wp-json\/wp\/v2\/tags?post=110478"}],"curies":[{"name":"wp","href":"https:\/\/api.w.org\/{rel}","templated":true}]}}