{"id":110479,"date":"2021-02-02T14:00:52","date_gmt":"2021-02-02T19:00:52","guid":{"rendered":"https:\/\/linitiative.ca\/International\/reunion-annoncee-du-csa-a-kidal\/"},"modified":"2021-02-02T14:00:52","modified_gmt":"2021-02-02T19:00:52","slug":"reunion-annoncee-du-csa-a-kidal","status":"publish","type":"post","link":"https:\/\/linitiative.ca\/International\/reunion-annoncee-du-csa-a-kidal\/","title":{"rendered":"REUNION ANNONCEE DU CSA A KIDAL"},"content":{"rendered":"<p class=\"c4\"><em>Et revoil\u00e0 l\u2019accord de paix d\u2019Alger bient\u00f4t sur la table de discussions au Mali! En effet, Kidal, la ville rebelle du Nord du pays, accueillira tr\u00e8s prochainement une r\u00e9union du comit\u00e9 de suivi de l\u2019accord d\u2019Alger (CSA). Une rencontre entre les parties signataires, notamment le pouvoir de Bamako et les groupes arm\u00e9s du Nord, pr\u00e9vue pour se tenir en pr\u00e9sence de nombreux diplomates africains et europ\u00e9ens au nombre desquels les repr\u00e9sentants de puissances occidentales comme la France et les Etats-Unis de m\u00eame que le repr\u00e9sentant de l\u2019ONU au Mali. Pour un \u00e9v\u00e9nement, c\u2019en est un et cette r\u00e9union ne saurait passer sous silence d\u2019autant que c\u2019est la premi\u00e8re du genre depuis la signature, en 2015, dudit accord qui se pr\u00e9sente comme un passage oblig\u00e9 pour une sortie de crise sur les rives du fleuve Djoliba. C\u2019est dire si cet accord d\u2019Alger se pr\u00e9sente, \u00e0 bien des \u00e9gards, comme le visa de la paix au Mali. A l\u2019instar de ce qu\u2019est le pr\u00e9cieux s\u00e9same pour de nombreux migrants \u00e0 travers le monde. C\u2019est pourquoi il faut saluer la tenue annonc\u00e9e de cette r\u00e9union qui fait rena\u00eetre l\u2019espoir, d\u2019autant qu\u2019il est question d\u2019y aborder des sujets essentiels susceptibles d\u2019en faciliter l\u2019application, au nombre desquels celui du M\u00e9canisme op\u00e9rationnel de coordination (MOC), du nom de cette unit\u00e9 mixte de soldats de l\u2019arm\u00e9e r\u00e9guli\u00e8re et d\u2019ex-rebelles, cens\u00e9e poser les jalons de la future arm\u00e9e malienne.\u00a0<\/em> <em>Le choix de la ville rebelle pour abriter cette r\u00e9union de mise en route de l\u2019accord, est en lui-m\u00eame un symbole fort<\/em> <em>Le moins que l\u2019on puisse dire, c\u2019est que pr\u00e8s de six ans apr\u00e8s sa signature, l\u2019application de l\u2019accord de paix d\u2019Alger dans la r\u00e9solution de la crise malienne, reste d\u2019une imp\u00e9rieuse n\u00e9cessit\u00e9 aux yeux de la communaut\u00e9 internationale qui ne cesse de pousser \u00e0 la roue pour amener les protagonistes \u00e0 s\u2019inscrire dans le sens de cette feuille de route. Et cette r\u00e9union de Kidal est une \u00e9tape d\u2019autant plus importante qu\u2019elle marquera le d\u00e9but effectif de cette volont\u00e9 de fumer de part et d\u2019autre, le calumet de la paix, pour donner des chances au processus de normalisation de la situation qui a pris du plomb dans l\u2019aile en raison de la danse du tango \u00e0 laquelle se livrent les protagonistes depuis six ans. D\u00e9j\u00e0, le choix de la ville rebelle pour abriter cette r\u00e9union de mise en route de l\u2019accord, est en lui-m\u00eame un symbole fort de la volont\u00e9 des parties prenantes au conflit, d\u2019aller de l\u2019avant dans la recherche de la paix. D\u2019abord, de la part des autorit\u00e9s de la Transition qui multiplient depuis peu, les d\u00e9placements dans la capitale du Nord jadis consid\u00e9r\u00e9e comme une zone rouge pour les autorit\u00e9s de Bamako. Ensuite, de la part des groupes arm\u00e9s qui contr\u00f4lent cette partie du territoire et qui semblent afficher une volont\u00e9 de ne pas rester en dehors de la R\u00e9publique. En tout cas, c\u2019est ce que semble traduire le r\u00e9cent d\u00e9placement d\u2019une forte d\u00e9l\u00e9gation gouvernementale \u00e0 Kidal, \u00e0 la veille de la visite \u00e9lys\u00e9enne du \u00ab transitionnaire \u00bb locataire du palais de Koulouba, re\u00e7u, le 27 janvier dernier, avec tous les honneurs dus \u00e0 son rang.\u00a0<\/em> <em>Pour toutes ces raisons, est-il alors permis de se demander si l\u2019on s\u2019achemine \u00e0 petits pas vers la paix au Mali ?<\/em><\/p>\n<p class=\"c6\"><strong><em>On esp\u00e8re que rien ne viendra entraver la tenue effective de cette r\u00e9union annonc\u00e9e de Kidal<\/em><\/strong><\/p>\n<p class=\"c4\"><em>Autrement dit, l\u2019espoir est-il permis de voir enfin poindre une lueur d\u2019espoir dans la r\u00e9solution de cette crise que le Mali tra\u00eene comme un boulet au pied depuis tant d\u2019ann\u00e9es ? La question m\u00e9rite d\u2019autant plus d\u2019\u00eatre pos\u00e9e que les protagonistes de la crise malienne nous ont souvent habitu\u00e9s \u00e0 des rebondissements inattendus sur la question de l\u2019application de ce fameux accord cens\u00e9 sortir le pays de l\u2019impasse, mais dont l\u2019op\u00e9rationnalisation semble poser probl\u00e8me en ce sens qu\u2019elle n\u2019a pas vu une seule rencontre r\u00e9unissant l\u2019ensemble des protagonistes, se tenir dans ce sens depuis 2015. C\u2019est pourquoi l\u2019on esp\u00e8re que rien ne viendra entraver la tenue effective de cette r\u00e9union annonc\u00e9e de Kidal, encore moins gripper la machine de la mise en \u0153uvre de cet accord vital \u00e0 plus d\u2019un titre pour le retour de la paix au Mali. C\u2019est tout le mal que l\u2019on souhaite aux Maliens qui commencent \u00e0 ressentir le poids des atermoiements des protagonistes de la crise \u00e0 aller \u00e0 un dialogue franc et sinc\u00e8re pour sortir le pays de cette mauvaise passe qui fait le jeu des terroristes. Ces derniers ne se g\u00eanant pas de profiter de la situation pour semer la mort et la d\u00e9solation dans le pays, quand leurs actions ne concourent pas \u00e0 semer la confusion et la suspicion ou \u00e0 entamer la confiance entre les parties.\u00a0<\/em> <em>En tout \u00e9tat de cause, la tenue annonc\u00e9e de cette r\u00e9union \u00e0 Kidal, est la preuve que les lignes commencent \u00e0 bouger dans le bon sens au Mali. Cela est une bonne chose qui est \u00e0 l\u2019honneur des autorit\u00e9s de la Transition qui cherchent visiblement \u00e0 instaurer un climat de confiance avec les groupes arm\u00e9s du pays, \u00e0 l\u2019effet de relancer le dialogue et donner un coup de fouet \u00e0 des pourparlers de paix qui pi\u00e9tinent. Et Bamako est fortement encourag\u00e9e en cela par la communaut\u00e9 internationale qui veille toujours au grain. Reste maintenant \u00e0 r\u00e9ussir ce premier pas qui n\u2019est jamais gagn\u00e9 d\u2019avance dans les sables mouvants du d\u00e9sert malien.<\/em><\/p>\n<p class=\"c6\"><strong><em>\u00ab\u00a0Le Pays\u00a0\u00bb<\/em><\/strong><\/p>\n<p>Auteur: Le Pays<br \/>\n<a href=\"https:\/\/lepays.bf\/reunion-annoncee-du-csa-a-kidal-2\/\">Cliquez ici pour lire l&rsquo;article depuis sa source.<\/a><\/p>\n","protected":false},"excerpt":{"rendered":"<p>Et revoil\u00e0 l\u2019accord de paix d\u2019Alger bient\u00f4t sur la table de discussions au Mali! En effet, Kidal, la ville rebelle du Nord du pays, accueillira tr\u00e8s prochainement une r\u00e9union du comit\u00e9 de suivi de l\u2019accord d\u2019Alger (CSA). Une rencontre entre les parties signataires, notamment le pouvoir de Bamako et les groupes arm\u00e9s du Nord, pr\u00e9vue [&hellip;]<\/p>\n","protected":false},"author":1813,"featured_media":0,"comment_status":"closed","ping_status":"closed","sticky":false,"template":"","format":"standard","meta":{"fifu_image_url":"","fifu_image_alt":"","footnotes":""},"categories":[73,81],"tags":[],"class_list":["post-110479","post","type-post","status-publish","format-standard","hentry","category-actualite","category-burkina-faso"],"_links":{"self":[{"href":"https:\/\/linitiative.ca\/International\/wp-json\/wp\/v2\/posts\/110479","targetHints":{"allow":["GET"]}}],"collection":[{"href":"https:\/\/linitiative.ca\/International\/wp-json\/wp\/v2\/posts"}],"about":[{"href":"https:\/\/linitiative.ca\/International\/wp-json\/wp\/v2\/types\/post"}],"author":[{"embeddable":true,"href":"https:\/\/linitiative.ca\/International\/wp-json\/wp\/v2\/users\/1813"}],"replies":[{"embeddable":true,"href":"https:\/\/linitiative.ca\/International\/wp-json\/wp\/v2\/comments?post=110479"}],"version-history":[{"count":0,"href":"https:\/\/linitiative.ca\/International\/wp-json\/wp\/v2\/posts\/110479\/revisions"}],"wp:attachment":[{"href":"https:\/\/linitiative.ca\/International\/wp-json\/wp\/v2\/media?parent=110479"}],"wp:term":[{"taxonomy":"category","embeddable":true,"href":"https:\/\/linitiative.ca\/International\/wp-json\/wp\/v2\/categories?post=110479"},{"taxonomy":"post_tag","embeddable":true,"href":"https:\/\/linitiative.ca\/International\/wp-json\/wp\/v2\/tags?post=110479"}],"curies":[{"name":"wp","href":"https:\/\/api.w.org\/{rel}","templated":true}]}}