{"id":110485,"date":"2021-02-02T17:18:41","date_gmt":"2021-02-02T22:18:41","guid":{"rendered":"https:\/\/linitiative.ca\/International\/programme-de-developpement-integre-les-activites-de-2020-executees-a-90\/"},"modified":"2021-02-02T17:18:41","modified_gmt":"2021-02-02T22:18:41","slug":"programme-de-developpement-integre-les-activites-de-2020-executees-a-90","status":"publish","type":"post","link":"https:\/\/linitiative.ca\/International\/programme-de-developpement-integre-les-activites-de-2020-executees-a-90\/","title":{"rendered":"Programme de d\u00e9veloppement int\u00e9gr\u00e9 : Les activit\u00e9s de 2020 ex\u00e9cut\u00e9es \u00e0 90%"},"content":{"rendered":"<div class=\"td-post-featured-image\" readability=\"35\"><a href=\"https:\/\/www.sidwaya.info\/wp-content\/uploads\/2021\/02\/90.jpg\" data-caption=\"Le repr&#xE9;sentant du haut-commissaire, David Ayoro, (au milieu) a appr&#xE9;ci&#xE9; le travail fait par les acteurs de mise en &#x153;uvre du programme\"><img loading=\"lazy\" decoding=\"async\" width=\"696\" height=\"342\" class=\"entry-thumb td-modal-image\" src=\"https:\/\/www.sidwaya.info\/wp-content\/uploads\/2021\/02\/90-696x342.jpg\" srcset=\"https:\/\/www.sidwaya.info\/wp-content\/uploads\/2021\/02\/90-696x342.jpg 696w, https:\/\/www.sidwaya.info\/wp-content\/uploads\/2021\/02\/90-300x147.jpg 300w, https:\/\/www.sidwaya.info\/wp-content\/uploads\/2021\/02\/90-768x377.jpg 768w, https:\/\/www.sidwaya.info\/wp-content\/uploads\/2021\/02\/90-150x74.jpg 150w, https:\/\/www.sidwaya.info\/wp-content\/uploads\/2021\/02\/90-324x160.jpg 324w, https:\/\/www.sidwaya.info\/wp-content\/uploads\/2021\/02\/90-533x261.jpg 533w, https:\/\/www.sidwaya.info\/wp-content\/uploads\/2021\/02\/90.jpg 780w\" sizes=\"auto, (max-width: 696px) 100vw, 696px\" alt=\"\" title=\"90\"\/><\/a>Le repr\u00e9sentant du haut-commissaire, David Ayoro, (au milieu) a appr\u00e9ci\u00e9 le travail fait par les acteurs de mise en \u0153uvre du programme<\/div>\n<p><strong>L\u2019Organisation catholique pour le d\u00e9veloppement et la solidarit\u00e9 (OCADES Caritas) a, au cours d\u2019un atelier, le mercredi 27 janvier 2021 \u00e0 Nouna, fait le bilan des activit\u00e9s de l\u2019ann\u00e9e 2020 de son Programme de d\u00e9veloppement int\u00e9gr\u00e9 (PDI). Il s\u2019est agi \u00e9galement de programmer les activit\u00e9s qui seront men\u00e9es en 2021.<\/strong><\/p>\n<p>Le secr\u00e9tariat ex\u00e9cutif de l\u2019Organisation catholique pour le d\u00e9veloppement et la solidarit\u00e9 (OCADES Caritas Burkina) de Nouna dans son Programme de d\u00e9veloppement int\u00e9gr\u00e9 (PDI) intervient dans les provinces des Banwa et de la Kossi. Le programme couvre dix villages des communes de Sanaba dans les Banwa et de Nouna dans la Kossi. Le mercredi 27 janvier 2021, les responsables de sa mise en \u0153uvre ont, au cours d\u2019un atelier, fait le bilan des activit\u00e9s de 2020 et programm\u00e9 les actions \u00e0 mener au cours de l\u2019ann\u00e9e en cours. Le charg\u00e9 du suivi et de l\u2019\u00e9valuation, J\u00e9r\u00e9mie Som\u00e9, a, dans sa pr\u00e9sentation, fait ressortir les diff\u00e9rentes activit\u00e9s mener durant l\u2019ann\u00e9e pr\u00e9c\u00e9dente. Il a not\u00e9 un taux d\u2019ex\u00e9cution physique de 90%.<\/p>\n<p>Quant au responsable financier du PDI, Barnab\u00e9 Kahoun, il a indiqu\u00e9 qu\u2019avec un budget de plus de 242, 04 millions FCFA, la subvention du partenaire chr\u00e9tien pour le Sahel a \u00e9t\u00e9 effective \u00e0 100%. Et d\u2019ajouter que l\u2019apport des b\u00e9n\u00e9ficiaires, appel\u00e9 apport local, qui est un maillon essentiel du programme, s\u2019est \u00e9lev\u00e9 \u00e0 3, 63 millions FCFA soit 1,5% du budget du programme. C\u2019est pourquoi, le secr\u00e9taire ex\u00e9cutif dioc\u00e9sain de l\u2019OCADES, l\u2019abb\u00e9 S\u00e9bastien Sanou, a invit\u00e9 les villages qui ne sont pas \u00e0 jour de leur contribution \u00e0 s\u2019ex\u00e9cuter, \u00absinon ils seront remplac\u00e9s par d\u2019autres \u00bb, mart\u00e8le-t-il.<\/p>\n<p>A travers des questions et contributions des acteurs, des propositions ont \u00e9t\u00e9 formul\u00e9es pour l\u2019am\u00e9lioration du recouvrement de l\u2019apport local et pour la mobilisation des ressources endog\u00e8nes. Le PDI intervient dans les domaines de l\u2019environnement, de l\u2019agriculture, de l\u2019\u00e9levage, de l\u2019\u00e9ducation, de l\u2019eau et de l\u2019assainissement. Appel\u00e9 \u00abPDI Nouna 2023 \u00bb, la redevabilit\u00e9, selon les responsables, figure en bonne place dans la strat\u00e9gie de mise en \u0153uvre de cette phase qui se veut quinquennale. Selon le vice-pr\u00e9sident du Comit\u00e9 villageois de d\u00e9veloppement (CVD) de Namassa, Alassane Zorom\u00e9, l\u2019importance du PDI dans l\u2019am\u00e9lioration de la qualit\u00e9 de vie des b\u00e9n\u00e9ficiaires est \u00e9norme. Cependant, a-t-il d\u00e9plor\u00e9, des difficult\u00e9s demeurent quant \u00e0 la mobilisation de l\u2019apport local.<\/p>\n<p>\u00abNous allons nous y mettre m\u00eame s\u2019il faut utiliser la contrainte \u00bb, a-t-il rassur\u00e9. Le directeur provincial en charge de l\u2019agriculture de la Kossi, Serges B. Demb\u00e9l\u00e9, a jug\u00e9 le bilan satisfait. N\u00e9anmoins, a-t-il reconnu, il y a des insuffisances qu\u2019il faut am\u00e9liorer pour que le programme atteigne ses objectifs. Ainsi, il a appel\u00e9 chaque partenaire \u00e0 jouer sa partition. \u00abLe PDI est en train d\u2019imprimer des changements qualitatifs au sein des diff\u00e9rentes communaut\u00e9s et cela passe par des sacrifices \u00bb, a-t-il conclu.<\/p>\n<p class=\"c1\"><strong>Adama CISSE<\/strong><br \/>AIB\/ Kossi<\/p>\n<div class=\"td-a-rec td-a-rec-id-content_bottom tdi_33_df0 td_block_template_1\"><img loading=\"lazy\" decoding=\"async\" class=\"aligncenter size-full wp-image-27454\" src=\"https:\/\/www.sidwaya.info\/wp-content\/uploads\/2020\/10\/PUB-Bandeau-paiement-mobile-siteweb.jpg\" alt=\"\" width=\"728\" height=\"90\"\/><\/div>\n<p>Auteur: JK. Sidwaya<br \/>\n<a href=\"https:\/\/www.sidwaya.info\/blog\/2021\/02\/02\/programme-de-developpement-integre-les-activites-de-2020-executees-a-90\/\">Cliquez ici pour lire l&rsquo;article depuis sa source.<\/a><\/p>\n","protected":false},"excerpt":{"rendered":"<p>Le repr\u00e9sentant du haut-commissaire, David Ayoro, (au milieu) a appr\u00e9ci\u00e9 le travail fait par les acteurs de mise en \u0153uvre du programme L\u2019Organisation catholique pour le d\u00e9veloppement et la solidarit\u00e9 (OCADES Caritas) a, au cours d\u2019un atelier, le mercredi 27 janvier 2021 \u00e0 Nouna, fait le bilan des activit\u00e9s de l\u2019ann\u00e9e 2020 de son Programme [&hellip;]<\/p>\n","protected":false},"author":1816,"featured_media":0,"comment_status":"closed","ping_status":"closed","sticky":false,"template":"","format":"standard","meta":{"fifu_image_url":"https:\/\/www.sidwaya.info\/wp-content\/uploads\/2021\/02\/90-696x342.jpg","fifu_image_alt":"Programme de d\u00e9veloppement int\u00e9gr\u00e9 : Les activit\u00e9s de 2020 ex\u00e9cut\u00e9es \u00e0 90%","footnotes":""},"categories":[73,81],"tags":[],"class_list":["post-110485","post","type-post","status-publish","format-standard","hentry","category-actualite","category-burkina-faso"],"_links":{"self":[{"href":"https:\/\/linitiative.ca\/International\/wp-json\/wp\/v2\/posts\/110485","targetHints":{"allow":["GET"]}}],"collection":[{"href":"https:\/\/linitiative.ca\/International\/wp-json\/wp\/v2\/posts"}],"about":[{"href":"https:\/\/linitiative.ca\/International\/wp-json\/wp\/v2\/types\/post"}],"author":[{"embeddable":true,"href":"https:\/\/linitiative.ca\/International\/wp-json\/wp\/v2\/users\/1816"}],"replies":[{"embeddable":true,"href":"https:\/\/linitiative.ca\/International\/wp-json\/wp\/v2\/comments?post=110485"}],"version-history":[{"count":0,"href":"https:\/\/linitiative.ca\/International\/wp-json\/wp\/v2\/posts\/110485\/revisions"}],"wp:attachment":[{"href":"https:\/\/linitiative.ca\/International\/wp-json\/wp\/v2\/media?parent=110485"}],"wp:term":[{"taxonomy":"category","embeddable":true,"href":"https:\/\/linitiative.ca\/International\/wp-json\/wp\/v2\/categories?post=110485"},{"taxonomy":"post_tag","embeddable":true,"href":"https:\/\/linitiative.ca\/International\/wp-json\/wp\/v2\/tags?post=110485"}],"curies":[{"name":"wp","href":"https:\/\/api.w.org\/{rel}","templated":true}]}}