{"id":110487,"date":"2021-02-02T17:36:42","date_gmt":"2021-02-02T22:36:42","guid":{"rendered":"https:\/\/linitiative.ca\/International\/attribution-illegale-de-parcelles-a-nouna\/"},"modified":"2021-02-02T17:36:42","modified_gmt":"2021-02-02T22:36:42","slug":"attribution-illegale-de-parcelles-a-nouna","status":"publish","type":"post","link":"https:\/\/linitiative.ca\/International\/attribution-illegale-de-parcelles-a-nouna\/","title":{"rendered":"Attribution \u00ab\u00a0ill\u00e9gale\u00a0\u00bb de parcelles \u00e0 Nouna"},"content":{"rendered":"<div class=\"td-post-featured-image\"><a href=\"https:\/\/www.sidwaya.info\/wp-content\/uploads\/2019\/07\/on-m.jpg\" data-caption=\"\"><img loading=\"lazy\" decoding=\"async\" width=\"696\" height=\"464\" class=\"entry-thumb td-modal-image\" src=\"https:\/\/www.sidwaya.info\/wp-content\/uploads\/2019\/07\/on-m-696x464.jpg\" srcset=\"https:\/\/www.sidwaya.info\/wp-content\/uploads\/2019\/07\/on-m-696x464.jpg 696w, https:\/\/www.sidwaya.info\/wp-content\/uploads\/2019\/07\/on-m-300x200.jpg 300w, https:\/\/www.sidwaya.info\/wp-content\/uploads\/2019\/07\/on-m-768x512.jpg 768w, https:\/\/www.sidwaya.info\/wp-content\/uploads\/2019\/07\/on-m-630x420.jpg 630w, https:\/\/www.sidwaya.info\/wp-content\/uploads\/2019\/07\/on-m.jpg 787w\" sizes=\"auto, (max-width: 696px) 100vw, 696px\" alt=\"\" title=\"on murmure\"\/><\/a><\/div>\n<p>Kantigui a appris que le maire de Nouna a proc\u00e9d\u00e9, par arr\u00eat\u00e9 en ce d\u00e9but d\u2019ann\u00e9e 2021, \u00e0 une attribution de parcelles concernant les lots 33, 37 et 44 du secteur 6 de la ville. Le hic, a-t-on dit \u00e0 Kantigui, c\u2019est que ces lots seraient situ\u00e9s sur des r\u00e9serves administratives. Selon une source proche de la mairie, cet arr\u00eat\u00e9 communal est \u00ab tomb\u00e9 \u00bb, alors que par correspondance en date du 27 janvier 2021, le receveur des imp\u00f4ts attirait l\u2019attention du bourgmestre sur le caract\u00e8re ill\u00e9gal des attributions. Il a rappel\u00e9 dans sa lettre que la proc\u00e9dure est non conforme aux textes en vigueur au Burkina Faso et que \u00ab tout changement de destination d\u2019une r\u00e9serve administrative doit \u00eatre au pr\u00e9alable autoris\u00e9 par les autorit\u00e9s comp\u00e9tentes \u00bb. Kantigui est au regret de constater que malgr\u00e9 ces dispositions et la mise en garde du receveur, le maire a proc\u00e9d\u00e9 aux diff\u00e9rentes attributions. Il est revenu \u00e0 Kantigui qu\u2019\u00e0 l\u2019occasion, les commer\u00e7ants de la ville se sont mobilis\u00e9s pour d\u00e9fendre les r\u00e9serves du march\u00e9 \u00ab ill\u00e9galement attribu\u00e9es \u00bb par les m\u00eames autorit\u00e9s. Kantigui esp\u00e8re un d\u00e9nouement heureux et une bonne gestion du foncier urbain au b\u00e9n\u00e9fice des populations de Nouna.<\/p>\n<hr\/>\n<p><strong>Meurtres en s\u00e9rie \u00e0 Bittou<\/strong><\/p>\n<p>Dans la nuit du samedi 30 au dimanche 31 janvier 2021, un meurtre a \u00e9t\u00e9 commis au secteur 1 de Bittou, en face de la brigade territoriale de gendarmerie. Apr\u00e8s renseignements, Kantigui a appris aupr\u00e8s d\u2019un habitant de la localit\u00e9, qu\u2019il s\u2019agit d\u2019une vieille \u00ab\u00a0folle\u00a0\u00bb, qui vivait \u00e0 Bittou depuis plus d\u2019une dizaine d\u2019ann\u00e9es. \u00ab\u00a0De ce que nous avions appris, la victime a \u00e9t\u00e9 \u00e9gorg\u00e9e d\u2019abord, avant que sa t\u00eate ne soit bris\u00e9e avec des briques\u00a0\u00bb, a pr\u00e9cis\u00e9 la source de Kantigui. Interrog\u00e9 sur les \u00e9ventuels motifs de ce crime, l\u2019informateur a pr\u00e9cis\u00e9 que tout laisse croire que c\u2019est \u00e0 des fins mystiques que l\u2019auteur a commis son acte. \u00ab\u00a0Nous ne sommes pas au premier forfait. Il y a quelques semaines, deux autres personnes avaient \u00e9t\u00e9 assassin\u00e9es \u00e0 Bittou et une autre \u00e0 Cinkans\u00e9. Pour les deux cas \u00e0 Bittou, il s\u2019agit d\u2019un fou dont les parties intimes ont \u00e9t\u00e9 emport\u00e9es et d\u2019un enfant de sept ans qui avait \u00e9t\u00e9 \u00e9gorg\u00e9 et son sang, emport\u00e9. A Cinkans\u00e9, c\u2019est un enfant qui a \u00e9t\u00e9 aussi \u00e9gorg\u00e9. C\u2019est un ph\u00e9nom\u00e8ne tr\u00e8s fr\u00e9quent\u00a0\u00bb, s\u2019est-il inqui\u00e9t\u00e9. Kantigui esp\u00e8re vivement que les forces de s\u00e9curit\u00e9 vont mettre la main sur ces tueurs en s\u00e9rie, afin qu\u2019ils r\u00e9pondent de leurs actes.<\/p>\n<hr\/>\n<p><strong>Des sanctions en vue au MPP\u00a0?<\/strong><\/p>\n<p>Fouinant dans la vie des partis politiques, Kantigui a eu vent de la convocation de la session extraordinaire de l\u2019ann\u00e9e 2021 du Bureau politique national (BPN), du Mouvement du peuple pour le progr\u00e8s (MPP), le samedi 13 f\u00e9vrier prochain \u00e0 Ouagadougou. Selon la source de Kantigui, l\u2019adoption du rapport de la campagne pr\u00e9sidentielle et l\u00e9gislative du 22 novembre 2020, le point sur l\u2019ex\u00e9cution des t\u00e2ches urgentes et \u00ab\u00a0les traitements des cas d\u2019indiscipline\u00a0\u00bb li\u00e9s aux \u00e9lections coupl\u00e9es sont au menu des travaux. Concernant ce dernier point, il est revenu \u00e0 Kantigui que le BPN pourrait prononcer diverses sanctions pouvant aller jusqu\u2019\u00e0 l\u2019exclusion de certains militants et pas des moindres. \u00ab\u00a0Les cas d\u2019indiscipline\u00a0\u00bb, a pr\u00e9cis\u00e9 l\u2019informateur de Kantigui, font r\u00e9f\u00e9rence aux comportements de certains militants du parti qui n\u2019auraient pas jou\u00e9 franc-jeu lors des \u00e9lections. \u00ab\u00a0Un pied dehors, un pied dedans, c\u2019est dehors. On ne peut pas avoir confiance en des camarades qui ont travaill\u00e9 contre le parti\u00a0\u00bb, a confi\u00e9 un cadre du parti sous anonymat.<\/p>\n<hr\/>\n<p><strong>D\u00e9mission de deux commissaires de la CENI<\/strong><\/p>\n<p>De sources concordantes, deux commissaires de la Commission \u00e9lectorale nationale ind\u00e9pendante (CENI), tous deux issus de l\u2019UPC, ont d\u00e9missionn\u00e9 le lundi 1er f\u00e9vrier 2021. Il s\u2019agit du vice-pr\u00e9sident de la CENI, Adama K\u00e9r\u00e9 et du Dr Ibrahim Guitanga. D\u00e8s \u00e9chos qui parviennent \u00e0 Kantigui, ces d\u00e9missions, ont un lien \u00e9troit avec la nouvelle configuration de la sc\u00e8ne politique nationale, due principalement \u00e0 l\u2019entr\u00e9e de l\u2019ex-Chef de file de l\u2019opposition politique (CFOP), Z\u00e9phirin Diabr\u00e9 et son parti, dans la majorit\u00e9 pr\u00e9sidentielle. En attendant les \u00e9lections municipales, l\u2019opposition politique (CDP, ADF\/RDA \u2026) devrait penser au remplacement des deux d\u00e9missionnaires, \u00e9tant donn\u00e9 que la CENI est compos\u00e9e de 15 commissaires, dont cinq de la majorit\u00e9, le m\u00eame nombre pour l\u2019opposition et cinq de la soci\u00e9t\u00e9 civile.<\/p>\n<hr\/>\n<p><strong>Bobo : vers la reprise des travaux de l\u2019avenue de l\u2019Insurrection<\/strong><\/p>\n<p>Kantigui, qui s\u2019est rendu cette semaine \u00e0 Bobo-Dioulasso, a \u00e9t\u00e9 outr\u00e9 de voir que les travaux de construction de l\u2019avenue de l\u2019Insurrection populaire, traversant le quartier Sarfalao, ne sont pas encore achev\u00e9s, alors qu\u2019ils avaient \u00e9t\u00e9 lanc\u00e9s en f\u00e9vrier 2020 pour un d\u00e9lai d\u2019ex\u00e9cution de huit mois. Kantigui a m\u00eame constat\u00e9 que les ouvriers ne sont plus sur le terrain et que la poussi\u00e8re est devenue le lot quotidien des riverains. Kantigui, qui a voulu savoir ce qui se passe, a \u00e9t\u00e9 rassur\u00e9 que les travaux pourraient reprendre cette semaine. Il lui a \u00e9t\u00e9 aussi souffl\u00e9 que l\u2019entreprise commise \u00e0 la t\u00e2che a arr\u00eat\u00e9 les travaux parce qu\u2019elle n\u2019aurait pas re\u00e7u, jusqu\u2019\u00e0 ce jour, \u00ab\u00a0les avances de d\u00e9marrage\u00a0\u00bb. Alors qu\u2019elle aurait inject\u00e9 pr\u00e8s d\u2019un milliard F CFA dans les travaux sur fonds propres. Le co\u00fbt du chantier est estim\u00e9 \u00e0 environ 1,8 milliard F CFA. Kantigui esp\u00e8re que la reprise sera effective et que les caract\u00e9ristiques techniques seront respect\u00e9es pour le bonheur des populations.<\/p>\n<hr\/>\n<p><strong>Des jeunes de Kokorow\u00e9 en prison<\/strong><\/p>\n<p>Kantigui a appris que neuf jeunes du village de Kokorow\u00e9, localit\u00e9 situ\u00e9e \u00e0 un jet de pierre de Sya, ont \u00e9t\u00e9 d\u00e9f\u00e9r\u00e9s \u00e0 la Maison d\u2019arr\u00eat et de correction de Bobo-Dioulasso (MACB). Il lui a \u00e9t\u00e9 signifi\u00e9 que ces jeunes ont \u00e9t\u00e9 \u00ab\u00a0enferm\u00e9s\u00a0\u00bb dans le cadre d\u2019une bagarre qui a occasionn\u00e9 des d\u00e9g\u00e2ts mat\u00e9riels en mai 2020. Cette bagarre serait due \u00e0 des abattages de b\u0153ufs dans le village. Kantigui se souvient que des d\u00e9marches avaient \u00e9t\u00e9 entreprises pour apaiser la situation sous les auspices d\u2019un adjoint au maire de Bobo-Dioulasso. Ce dernier ne sait plus aujourd\u2019hui \u00e0 quel saint se vouer avec l\u2019\u00e9volution du dossier.<\/p>\n<hr\/>\n<p><strong>Le Premier ministre devant le Parlement ce jeudi<\/strong><\/p>\n<p>Conform\u00e9ment \u00e0 la Constitution, le Premier ministre, Christophe Joseph Marie Dabir\u00e9, fera sa D\u00e9claration de politique g\u00e9n\u00e9rale, demain jeudi 4 f\u00e9vrier 2021 devant l\u2019Assembl\u00e9e nationale. Cette d\u00e9claration qui fait suite \u00e0 sa reconduction \u00e0 la t\u00eate du gouvernement consiste au d\u00e9voilement des grandes orientations de sa politique et sera suivie du vote des d\u00e9put\u00e9s. S\u2019il obtient un \u00ab\u00a0oui\u00a0\u00bb majoritaire, le Premier ministre pourra ainsi mettre en \u0153uvre la vision du chef de l\u2019Etat. Kantigui pr\u00e9sume que cette vision s\u2019inscrira en droite ligne de celle mise en \u0153uvre pour terminer le premier quinquennat du Pr\u00e9sident du Faso, Roch Marc Christian Kabor\u00e9. L\u2019\u00e9conomie, la s\u00e9curit\u00e9, la lutte contre la COVID-19, la modification du Code \u00e9lectoral et bien d\u2019autres sujets d\u2019int\u00e9r\u00eat pour la Nation devraient \u00eatre au centre de cette d\u00e9claration.<\/p>\n<p class=\"c1\"><strong>Kantigui<\/strong><br \/>kantigui2000@gmail.com<br \/>(+226) 25 31 22 89<\/p>\n<div class=\"td-a-rec td-a-rec-id-content_bottom tdi_33_9f9 td_block_template_1\"><img loading=\"lazy\" decoding=\"async\" class=\"aligncenter size-full wp-image-27454\" src=\"https:\/\/www.sidwaya.info\/wp-content\/uploads\/2020\/10\/PUB-Bandeau-paiement-mobile-siteweb.jpg\" alt=\"\" width=\"728\" height=\"90\"\/><\/div>\n<p>Auteur: JK. Sidwaya<br \/>\n<a href=\"https:\/\/www.sidwaya.info\/blog\/2021\/02\/02\/attribution-illegale-de-parcelles-a-nouna\/\">Cliquez ici pour lire l&rsquo;article depuis sa source.<\/a><\/p>\n","protected":false},"excerpt":{"rendered":"<p>Kantigui a appris que le maire de Nouna a proc\u00e9d\u00e9, par arr\u00eat\u00e9 en ce d\u00e9but d\u2019ann\u00e9e 2021, \u00e0 une attribution de parcelles concernant les lots 33, 37 et 44 du secteur 6 de la ville. Le hic, a-t-on dit \u00e0 Kantigui, c\u2019est que ces lots seraient situ\u00e9s sur des r\u00e9serves administratives. Selon une source proche [&hellip;]<\/p>\n","protected":false},"author":1816,"featured_media":0,"comment_status":"closed","ping_status":"closed","sticky":false,"template":"","format":"standard","meta":{"fifu_image_url":"https:\/\/www.sidwaya.info\/wp-content\/uploads\/2019\/07\/on-m-696x464.jpg","fifu_image_alt":"Attribution \u00ab\u00a0ill\u00e9gale\u00a0\u00bb de parcelles \u00e0 Nouna","footnotes":""},"categories":[73,81],"tags":[],"class_list":["post-110487","post","type-post","status-publish","format-standard","hentry","category-actualite","category-burkina-faso"],"_links":{"self":[{"href":"https:\/\/linitiative.ca\/International\/wp-json\/wp\/v2\/posts\/110487","targetHints":{"allow":["GET"]}}],"collection":[{"href":"https:\/\/linitiative.ca\/International\/wp-json\/wp\/v2\/posts"}],"about":[{"href":"https:\/\/linitiative.ca\/International\/wp-json\/wp\/v2\/types\/post"}],"author":[{"embeddable":true,"href":"https:\/\/linitiative.ca\/International\/wp-json\/wp\/v2\/users\/1816"}],"replies":[{"embeddable":true,"href":"https:\/\/linitiative.ca\/International\/wp-json\/wp\/v2\/comments?post=110487"}],"version-history":[{"count":0,"href":"https:\/\/linitiative.ca\/International\/wp-json\/wp\/v2\/posts\/110487\/revisions"}],"wp:attachment":[{"href":"https:\/\/linitiative.ca\/International\/wp-json\/wp\/v2\/media?parent=110487"}],"wp:term":[{"taxonomy":"category","embeddable":true,"href":"https:\/\/linitiative.ca\/International\/wp-json\/wp\/v2\/categories?post=110487"},{"taxonomy":"post_tag","embeddable":true,"href":"https:\/\/linitiative.ca\/International\/wp-json\/wp\/v2\/tags?post=110487"}],"curies":[{"name":"wp","href":"https:\/\/api.w.org\/{rel}","templated":true}]}}