{"id":110488,"date":"2021-02-02T13:18:02","date_gmt":"2021-02-02T18:18:02","guid":{"rendered":"https:\/\/linitiative.ca\/International\/covid-19-la-fifa-et-loms-sunissent-pour-lacces-equitable-aux-vaccins\/"},"modified":"2021-02-02T13:18:02","modified_gmt":"2021-02-02T18:18:02","slug":"covid-19-la-fifa-et-loms-sunissent-pour-lacces-equitable-aux-vaccins","status":"publish","type":"post","link":"https:\/\/linitiative.ca\/International\/covid-19-la-fifa-et-loms-sunissent-pour-lacces-equitable-aux-vaccins\/","title":{"rendered":"Covid-19: la FIFA et l\u2019OMS s\u2019unissent pour l\u2019acc\u00e8s \u00e9quitable aux vaccins"},"content":{"rendered":"<div readability=\"32\">\n<p>Publi\u00e9 le 02.02.2021 \u00e0 19h18 par APA News<\/p>\n<\/div>\n<div readability=\"83\">\n<p>La F\u00e9d\u00e9ration internationale de football association (FIFA) et l\u2019Organisation mondiale de la sant\u00e9 (OMS) se liguent contre le coronavirus.Des stars du football feront la promotion de l\u2019acc\u00e8s mondial \u00e9quitable aux vaccins, aux traitements et aux produits de diagnostic<\/p>\n<p>\u00ab La FIFA s\u2019associe \u00e0 l\u2019Organisation mondiale de la Sant\u00e9 (OMS) pour promouvoir la n\u00e9cessit\u00e9 d\u2019un acc\u00e8s \u00e9quitable aux vaccins, aux traitements et aux produits de diagnostic dans le cadre de la lutte contre la COVID-19, et pour encourager chacun \u00e0 continuer \u00e0 appliquer au quotidien les mesures de sant\u00e9 publique salvatrices afin de pr\u00e9venir la propagation du coronavirus et de prot\u00e9ger la sant\u00e9 \u00bb, rapporte un communiqu\u00e9 publi\u00e9 sur le site internet de l\u2019OMS visit\u00e9 mardi \u00e0 APA.<\/p>\n<p>Ainsi, parall\u00e8lement \u00e0 la Coupe du monde des clubs de la FIFA 2020, qui se tiendra au Qatar du 4 au 11 f\u00e9vrier 2021, la FIFA et l\u2019OMS lancent une campagne de sensibilisation du public \u00e0 laquelle participeront des stars du football. Cette campagne s\u2019effectuera par la diffusion de messages \u00e0 la t\u00e9l\u00e9vision et dans les stades, afin de continuer \u00e0 promouvoir le Dispositif pour acc\u00e9l\u00e9rer l\u2019acc\u00e8s aux outils de lutte contre la Covid-19.<\/p>\n<p>\u00ab Nous devons tous jouer le r\u00f4le qui est le n\u00f4tre dans la lutte contre le coronavirus. Nous appelons \u00e9galement la communaut\u00e9 internationale \u00e0 unir ses forces (sous le hastag #ACTogether), et \u00e0 garantir l\u2019\u00e9quit\u00e9 en mati\u00e8re d\u2019acc\u00e8s aux vaccins, aux traitements et aux tests de diagnostiques dans le monde entier \u00bb, a d\u00e9clar\u00e9 le pr\u00e9sident de la FIFA, Gianni Infantino.<\/p>\n<p>Le Dr Tedros Adhanom Ghebreyesus, directeur g\u00e9n\u00e9ral de l\u2019OMS, a affirm\u00e9 que \u00ab le principe d\u2019\u00e9quit\u00e9 constitue le fondement du football et de tous les autres sports, et il doit en \u00eatre de m\u00eame en ce qui concerne la sant\u00e9 \u00bb.\u00a0<\/p>\n<p>\u00ab En mati\u00e8re de lutte contre la Covid-19,\u00a0a dit le patron de l\u2019OMS, les r\u00e8gles sont simples : toutes les personnes expos\u00e9es \u00e0 un risque, dans tous les pays, doivent avoir un acc\u00e8s \u00e9quitable aux vaccins, aux traitements et aux produits de diagnostic vitaux. En seulement neuf mois, le monde a mis en place ces trois lignes de d\u00e9fense efficaces contre la COVID-19. Mais notre objectif consiste d\u00e9sormais \u00e0 assurer un acc\u00e8s \u00e9quitable et \u00e0 continuer \u00e0 am\u00e9liorer ces outils \u00bb.<\/p>\n<p>Il a ajout\u00e9 : \u00ab L\u2019OMS est reconnaissante \u00e0 la FIFA de s\u2019\u00eatre associ\u00e9e \u00e0 des partenaires du secteur de la sant\u00e9 du monde entier en vue de promouvoir la n\u00e9cessit\u00e9 d\u2019une distribution \u00e9quitable des outils n\u00e9cessaires pour vaincre le coronavirus \u00bb.<\/p>\n<\/div>\n<p>Auteur: APA News<br \/>\n<a href=\"https:\/\/www.journalducameroun.com\/covid-19-la-fifa-et-loms-sunissent-pour-lacces-equitable-aux-vaccins\/\">Cliquez ici pour lire l&rsquo;article depuis sa source.<\/a><\/p>\n","protected":false},"excerpt":{"rendered":"<p>Publi\u00e9 le 02.02.2021 \u00e0 19h18 par APA News La F\u00e9d\u00e9ration internationale de football association (FIFA) et l\u2019Organisation mondiale de la sant\u00e9 (OMS) se liguent contre le coronavirus.Des stars du football feront la promotion de l\u2019acc\u00e8s mondial \u00e9quitable aux vaccins, aux traitements et aux produits de diagnostic \u00ab La FIFA s\u2019associe \u00e0 l\u2019Organisation mondiale de la [&hellip;]<\/p>\n","protected":false},"author":1965,"featured_media":0,"comment_status":"closed","ping_status":"closed","sticky":false,"template":"","format":"standard","meta":{"fifu_image_url":"","fifu_image_alt":"","footnotes":""},"categories":[73,82],"tags":[],"class_list":["post-110488","post","type-post","status-publish","format-standard","hentry","category-actualite","category-cameroun"],"_links":{"self":[{"href":"https:\/\/linitiative.ca\/International\/wp-json\/wp\/v2\/posts\/110488","targetHints":{"allow":["GET"]}}],"collection":[{"href":"https:\/\/linitiative.ca\/International\/wp-json\/wp\/v2\/posts"}],"about":[{"href":"https:\/\/linitiative.ca\/International\/wp-json\/wp\/v2\/types\/post"}],"author":[{"embeddable":true,"href":"https:\/\/linitiative.ca\/International\/wp-json\/wp\/v2\/users\/1965"}],"replies":[{"embeddable":true,"href":"https:\/\/linitiative.ca\/International\/wp-json\/wp\/v2\/comments?post=110488"}],"version-history":[{"count":0,"href":"https:\/\/linitiative.ca\/International\/wp-json\/wp\/v2\/posts\/110488\/revisions"}],"wp:attachment":[{"href":"https:\/\/linitiative.ca\/International\/wp-json\/wp\/v2\/media?parent=110488"}],"wp:term":[{"taxonomy":"category","embeddable":true,"href":"https:\/\/linitiative.ca\/International\/wp-json\/wp\/v2\/categories?post=110488"},{"taxonomy":"post_tag","embeddable":true,"href":"https:\/\/linitiative.ca\/International\/wp-json\/wp\/v2\/tags?post=110488"}],"curies":[{"name":"wp","href":"https:\/\/api.w.org\/{rel}","templated":true}]}}