{"id":110489,"date":"2021-02-02T13:18:07","date_gmt":"2021-02-02T18:18:07","guid":{"rendered":"https:\/\/linitiative.ca\/International\/football-ivoirien-la-reprise-du-championnat-prevue-le-14-mars-2021\/"},"modified":"2021-02-02T13:18:07","modified_gmt":"2021-02-02T18:18:07","slug":"football-ivoirien-la-reprise-du-championnat-prevue-le-14-mars-2021","status":"publish","type":"post","link":"https:\/\/linitiative.ca\/International\/football-ivoirien-la-reprise-du-championnat-prevue-le-14-mars-2021\/","title":{"rendered":"Football ivoirien: la reprise du championnat pr\u00e9vue \u00ab\u00a0le 14 mars\u00a0\u00bb 2021"},"content":{"rendered":"<div readability=\"32\">\n<p>Publi\u00e9 le 02.02.2021 \u00e0 19h18 par APA News<\/p>\n<\/div>\n<div readability=\"72\">\n<p>Le Comit\u00e9 de normalisation de la F\u00e9d\u00e9ration ivoirienne de football (FIF) envisage de red\u00e9marrer le championnat \u00ab\u00a0le 14 mars\u00a0\u00bb 2021, a dit mardi \u00e0 la presse Alexis Vagba, l\u2019un des dirigeants de l\u2019Africa Sports.<\/p>\n<p>\u00ab\u00a0Le Comit\u00e9 nous a inform\u00e9 des dispositions qu\u2019il a prises pour organiser le championnat le 14 mars\u00a0\u00bb 2021, a d\u00e9clar\u00e9 \u00e0 la presse M. Alexis Vagba, au sortir d\u2019une rencontre entre des pr\u00e9sidents de clubs et l\u2019\u00e9quipe en charge de la normalisation de la FIF. \u00a0<\/p>\n<p>\u00ab\u00a0On a la date et le calendrier est pr\u00eat\u00a0\u00bb, a-t-il laiss\u00e9 entendre, avant d\u2019ajouter que \u00ab\u00a0le Comit\u00e9 est en train de chercher les moyens (financiers) pour qu\u2019on puisse nous donner une subvention et commencer le championnat\u00a0\u00bb. \u00a0<\/p>\n<p>Selon M. Alexis Vagba \u00ab\u00a0l\u2019Africa est pr\u00eat (et) a des \u00e9quipes pour jouer\u00a0\u00bb, car si le club \u00ab\u00a0ne joue pas c\u2019est mauvais\u00a0\u00bb. Il s\u2019est dit \u00ab\u00a0partant\u00a0\u00bb en attendant que les ressources soient trouv\u00e9es par le Comit\u00e9 pour relancer le championnat. \u00a0\u00a0<\/p>\n<p>Deux personnalit\u00e9s se disputent la direction de l\u2019Africa Sports, notamment M. Alexis Vagba et Antoine Bahi, qui soutiennent respectivement Sory Diabat\u00e9 et Didier Drogba pour l\u2019\u00e9lection \u00e0 la pr\u00e9sidence de la FIF, cr\u00e9ant un bic\u00e9phalisme \u00e0 la t\u00eate du club.\u00a0<\/p>\n<p>\u00ab\u00a0L\u2019Africa a un pr\u00e9sident, c\u2019est moi (et) la FIF m\u2019a confirm\u00e9 pr\u00e9sident de l\u2019Africa\u00a0\u00bb, a lanc\u00e9 M. Vagba face \u00e0 des journalistes, au du si\u00e8ge de la FIF, o\u00f9 le Comit\u00e9 de normalisation a entam\u00e9 des consultations avec les clubs et les groupements d\u2019int\u00e9r\u00eat.\u00a0<\/p>\n<p>La FIFA mis en place un Comit\u00e9 de normalisation \u00e0 la suite d\u2019un blocage dans le processus \u00e9lectoral du pr\u00e9sident de la FIF. Un bicephalisme \u00e9tait constat\u00e9 \u00e0 la t\u00eate de l\u2019Africa Sports et le Comit\u00e9 devra r\u00e9soudre cette question avant l\u2019ouverture du parrainage des clubs. \u00a0<\/p>\n<\/div>\n<p>Auteur: APA News<br \/>\n<a href=\"https:\/\/www.journalducameroun.com\/football-ivoirien-la-reprise-du-championnat-prevue-le-14-mars-2021\/\">Cliquez ici pour lire l&rsquo;article depuis sa source.<\/a><\/p>\n","protected":false},"excerpt":{"rendered":"<p>Publi\u00e9 le 02.02.2021 \u00e0 19h18 par APA News Le Comit\u00e9 de normalisation de la F\u00e9d\u00e9ration ivoirienne de football (FIF) envisage de red\u00e9marrer le championnat \u00ab\u00a0le 14 mars\u00a0\u00bb 2021, a dit mardi \u00e0 la presse Alexis Vagba, l\u2019un des dirigeants de l\u2019Africa Sports. \u00ab\u00a0Le Comit\u00e9 nous a inform\u00e9 des dispositions qu\u2019il a prises pour organiser le [&hellip;]<\/p>\n","protected":false},"author":1965,"featured_media":0,"comment_status":"closed","ping_status":"closed","sticky":false,"template":"","format":"standard","meta":{"fifu_image_url":"","fifu_image_alt":"","footnotes":""},"categories":[73,82],"tags":[],"class_list":["post-110489","post","type-post","status-publish","format-standard","hentry","category-actualite","category-cameroun"],"_links":{"self":[{"href":"https:\/\/linitiative.ca\/International\/wp-json\/wp\/v2\/posts\/110489","targetHints":{"allow":["GET"]}}],"collection":[{"href":"https:\/\/linitiative.ca\/International\/wp-json\/wp\/v2\/posts"}],"about":[{"href":"https:\/\/linitiative.ca\/International\/wp-json\/wp\/v2\/types\/post"}],"author":[{"embeddable":true,"href":"https:\/\/linitiative.ca\/International\/wp-json\/wp\/v2\/users\/1965"}],"replies":[{"embeddable":true,"href":"https:\/\/linitiative.ca\/International\/wp-json\/wp\/v2\/comments?post=110489"}],"version-history":[{"count":0,"href":"https:\/\/linitiative.ca\/International\/wp-json\/wp\/v2\/posts\/110489\/revisions"}],"wp:attachment":[{"href":"https:\/\/linitiative.ca\/International\/wp-json\/wp\/v2\/media?parent=110489"}],"wp:term":[{"taxonomy":"category","embeddable":true,"href":"https:\/\/linitiative.ca\/International\/wp-json\/wp\/v2\/categories?post=110489"},{"taxonomy":"post_tag","embeddable":true,"href":"https:\/\/linitiative.ca\/International\/wp-json\/wp\/v2\/tags?post=110489"}],"curies":[{"name":"wp","href":"https:\/\/api.w.org\/{rel}","templated":true}]}}