{"id":110490,"date":"2021-02-02T13:42:36","date_gmt":"2021-02-02T18:42:36","guid":{"rendered":"https:\/\/linitiative.ca\/International\/cameroun-albert-mbida-nomme-president-dun-comite-provisoire-de-gestion-de-la-fecafoot\/"},"modified":"2021-02-02T13:42:36","modified_gmt":"2021-02-02T18:42:36","slug":"cameroun-albert-mbida-nomme-president-dun-comite-provisoire-de-gestion-de-la-fecafoot","status":"publish","type":"post","link":"https:\/\/linitiative.ca\/International\/cameroun-albert-mbida-nomme-president-dun-comite-provisoire-de-gestion-de-la-fecafoot\/","title":{"rendered":"Cameroun : Albert Mbida nomm\u00e9 pr\u00e9sident d\u2019un comit\u00e9 provisoire de gestion de la F\u00e9cafoot"},"content":{"rendered":"<div readability=\"32\">\n<p>Publi\u00e9 le 02.02.2021 \u00e0 19h42 par Christian Djimadeu<\/p>\n<\/div>\n<div readability=\"68\">\n<h2 class=\"c6\">Des membres de l\u2019Assembl\u00e9e g\u00e9n\u00e9rale de la f\u00e9d\u00e9ration de 2012 r\u00e9unis en visio-conf\u00e9rence ce 2 f\u00e9vrier 2021, \u00a0ont en effet d\u00e9cid\u00e9 d\u2019\u00e9carter l\u2019ex\u00e9cutif en place suite \u00e0 la r\u00e9cente sentence du Tribunal arbitral\u00a0 du sport (Tas) qui annule son \u00e9lection.<\/h2>\n<p class=\"c7\">Le S\u00e9nateur <strong>Albert Mbida<\/strong> est nomm\u00e9 \u00e0 la t\u00eate d\u2019un Comit\u00e9 provisoire de gestion de la F\u00e9cafoot. L\u2019acte de sa nomination d\u00e9coule d\u2019une session extraordinaire de l\u2019Assembl\u00e9e g\u00e9n\u00e9rale de l\u2019instance \u00a0de 2012.<\/p>\n<p class=\"c7\">Elle\u00a0 retire toute comp\u00e9tence \u00e0 <strong>Se\u00efdou Mbombo Njoya<\/strong> et aux membres du Comit\u00e9 ex\u00e9cutif \u00e9lus le 12 d\u00e9cembre 2018. Elle d\u00e9signe outre le s\u00e9nateur Albert Mbida, \u00a0des membres du Comit\u00e9 provisoire charg\u00e9 de g\u00e9rer les affaires courantes de la F\u00e9cafoot, r\u00e9viser les Statuts et le Code \u00e9lectoral, \u00a0et organiser un processus \u00e9lectoral.<\/p>\n<p class=\"c7\">Il s\u2019agit comme vice-pr\u00e9sident du\u00a0: <strong>Prince Ndoki Mukete<\/strong>, et comme membres du <strong>Dr Fran\u00e7ois Dikoume<\/strong>, du <strong>Dr Tado Oumarou<\/strong>, de messieurs \u00a0<strong>Boudjiko Youkeka Pierre<\/strong>, <strong>Lucien Mettomo<\/strong> et <strong>Sah Walters<\/strong>.<\/p>\n<p class=\"c7\">L\u2019Assembl\u00e9e g\u00e9n\u00e9rale de la f\u00e9d\u00e9ration de 2012 r\u00e9unie en visio-conf\u00e9rence d\u00e9cide par ailleurs de r\u00e9quisitionner une partie des locaux et du personnel de la Ligue de Football professionnel du Cameroun (LFPC) \u00e0 mettre \u00e0 la disposition du Comit\u00e9 ex\u00e9cutif provisoire, \u00ab\u00a0<em>en attendant que le si\u00e8ge de la F\u00e9cafoot ill\u00e9galement occup\u00e9 soit lib\u00e9r\u00e9<\/em>\u00a0\u00bb, pr\u00e9cise-t-elle.<\/p>\n<p class=\"c7\">L\u2019AG dit fonder sa d\u00e9marche sur la sentence rendue par le TAS le 15 janvier 2021 qui annule l\u2019ensemble du processus \u00e9lectoral sold\u00e9 le 12 d\u00e9cembre 2018 par l\u2019\u00e9lection d\u2019un Comit\u00e9 ex\u00e9cutif pr\u00e9sid\u00e9 par Se\u00efdou Mbombo Njoya.<\/p>\n<p class=\"c7\">Il faut dire qu\u2019avant sa tenue, la F\u00e9d\u00e9ration camerounaise de football par le biais de ses avocats a sign\u00e9 un communiqu\u00e9 soulignant le caract\u00e8re ill\u00e9gal de l\u2019AG de ce 2 f\u00e9vrier. Relevant que l\u2019\u00e9quipe actuelle reste en place du fait d\u2019une d\u00e9cision du secr\u00e9taire g\u00e9n\u00e9ral de la FIFA qui l\u2019a maintenue, en lui donnant comme attributions de g\u00e9rer les affaires courantes,\u00a0 revoir \u00a0les textes et \u00a0organier de nouvelles \u00e9lections.<\/p>\n<\/div>\n<p>Auteur: Christian DJIMADEU<br \/>\n<a href=\"https:\/\/www.journalducameroun.com\/cameroun-albert-mbida-nomme-president-dun-comite-provisoire-de-gestion-de-la-fecafoot6-cameroun\/\">Cliquez ici pour lire l&rsquo;article depuis sa source.<\/a><\/p>\n","protected":false},"excerpt":{"rendered":"<p>Publi\u00e9 le 02.02.2021 \u00e0 19h42 par Christian Djimadeu Des membres de l\u2019Assembl\u00e9e g\u00e9n\u00e9rale de la f\u00e9d\u00e9ration de 2012 r\u00e9unis en visio-conf\u00e9rence ce 2 f\u00e9vrier 2021, \u00a0ont en effet d\u00e9cid\u00e9 d\u2019\u00e9carter l\u2019ex\u00e9cutif en place suite \u00e0 la r\u00e9cente sentence du Tribunal arbitral\u00a0 du sport (Tas) qui annule son \u00e9lection. Le S\u00e9nateur Albert Mbida est nomm\u00e9 \u00e0 [&hellip;]<\/p>\n","protected":false},"author":1965,"featured_media":0,"comment_status":"closed","ping_status":"closed","sticky":false,"template":"","format":"standard","meta":{"fifu_image_url":"","fifu_image_alt":"","footnotes":""},"categories":[73,82],"tags":[],"class_list":["post-110490","post","type-post","status-publish","format-standard","hentry","category-actualite","category-cameroun"],"_links":{"self":[{"href":"https:\/\/linitiative.ca\/International\/wp-json\/wp\/v2\/posts\/110490","targetHints":{"allow":["GET"]}}],"collection":[{"href":"https:\/\/linitiative.ca\/International\/wp-json\/wp\/v2\/posts"}],"about":[{"href":"https:\/\/linitiative.ca\/International\/wp-json\/wp\/v2\/types\/post"}],"author":[{"embeddable":true,"href":"https:\/\/linitiative.ca\/International\/wp-json\/wp\/v2\/users\/1965"}],"replies":[{"embeddable":true,"href":"https:\/\/linitiative.ca\/International\/wp-json\/wp\/v2\/comments?post=110490"}],"version-history":[{"count":0,"href":"https:\/\/linitiative.ca\/International\/wp-json\/wp\/v2\/posts\/110490\/revisions"}],"wp:attachment":[{"href":"https:\/\/linitiative.ca\/International\/wp-json\/wp\/v2\/media?parent=110490"}],"wp:term":[{"taxonomy":"category","embeddable":true,"href":"https:\/\/linitiative.ca\/International\/wp-json\/wp\/v2\/categories?post=110490"},{"taxonomy":"post_tag","embeddable":true,"href":"https:\/\/linitiative.ca\/International\/wp-json\/wp\/v2\/tags?post=110490"}],"curies":[{"name":"wp","href":"https:\/\/api.w.org\/{rel}","templated":true}]}}