{"id":110491,"date":"2021-02-02T15:18:02","date_gmt":"2021-02-02T20:18:02","guid":{"rendered":"https:\/\/linitiative.ca\/International\/les-chefs-detat-de-la-cedeao-harmonisent-leurs-points-de-vue-sur-le-choix-du-futur-president-de-lua\/"},"modified":"2021-02-02T15:18:02","modified_gmt":"2021-02-02T20:18:02","slug":"les-chefs-detat-de-la-cedeao-harmonisent-leurs-points-de-vue-sur-le-choix-du-futur-president-de-lua","status":"publish","type":"post","link":"https:\/\/linitiative.ca\/International\/les-chefs-detat-de-la-cedeao-harmonisent-leurs-points-de-vue-sur-le-choix-du-futur-president-de-lua\/","title":{"rendered":"Les chefs d\u2019Etat de la CEDEAO harmonisent leurs points de vue sur le choix du futur pr\u00e9sident de l\u2019UA"},"content":{"rendered":"<div readability=\"32\">\n<p>Publi\u00e9 le 02.02.2021 \u00e0 21h18 par APA News<\/p>\n<\/div>\n<div readability=\"58\">\n<p>Le pr\u00e9sident ivoirien Alassane Ouattara et ses pairs de la Communaut\u00e9 \u00e9conomique des \u00c9tats de l\u2019Afrique de l\u2019ouest ( CEDEAO) ont pris part mardi \u00e0 un sommet extraordinaire de cette organisation sous-r\u00e9gionale au cours duquel ils ont harmonis\u00e9 leur point de vue relativement \u00e0 l\u2019\u00e9lection du futur pr\u00e9sident de l\u2019UA.<\/p>\n<p>L\u2019\u00e9lection du prochain pr\u00e9sident de l\u2019Union africaine ( UA) aura lieu lors du 34e sommet des chefs d\u2019Etat de cette institution pr\u00e9vu les 06 et 07 f\u00e9vrier prochains. \u00a0<\/p>\n<p>\u00ab La \u00a0CEDEAO doit se pencher sur des questions importantes sur lesquelles l\u2019Union africaine UA se prononcera. La premi\u00e8re question concerne l\u2019\u00e9lection du Pr\u00e9sident de l\u2019UA. \u00bb, a fait savoir L\u2019ivoirien Jean-Claude Brou, le pr\u00e9sident de la commission de la CEDEAO \u00e0 l\u2019entame de ce sommet extraordinaire qui n\u2019a \u00a0\u00e9t\u00e9 sanctionn\u00e9 \u00a0de communiqu\u00e9 final.<\/p>\n<p>\u00abIl me pla\u00eet de rappeler que notre r\u00e9gion aura le privil\u00e8ge de diriger notre organisation continentale sur la p\u00e9riode 2022-2023. Il revient donc \u00e0 la CEDEAO d\u2019indiquer \u00e0 l\u2019Union africaine qui est le pays qui assumera cette responsabilit\u00e9\u00bb, a-t-il ajout\u00e9.\u00a0<\/p>\n<p>\u00a0L\u2019autre question \u00e0 l\u2019ordre du jour de cette r\u00e9union, a ajout\u00e9 M. Brou, est l\u2019\u00e9lection des membres de la nouvelle commission de l\u2019UA. Plusieurs pays membres de la CEDEAO, a rappel\u00e9 M. Brou, ont des candidats engag\u00e9s pour l\u2019\u00e9lection \u00e0 la pr\u00e9sidence de l\u2019UA.\u00a0<\/p>\n<\/div>\n<p>Auteur: APA News<br \/>\n<a href=\"https:\/\/www.journalducameroun.com\/les-chefs-detat-de-la-cedeao-harmonisent-leurs-points-de-vue-sur-le-choix-du-futur-president-de-lua\/\">Cliquez ici pour lire l&rsquo;article depuis sa source.<\/a><\/p>\n","protected":false},"excerpt":{"rendered":"<p>Publi\u00e9 le 02.02.2021 \u00e0 21h18 par APA News Le pr\u00e9sident ivoirien Alassane Ouattara et ses pairs de la Communaut\u00e9 \u00e9conomique des \u00c9tats de l\u2019Afrique de l\u2019ouest ( CEDEAO) ont pris part mardi \u00e0 un sommet extraordinaire de cette organisation sous-r\u00e9gionale au cours duquel ils ont harmonis\u00e9 leur point de vue relativement \u00e0 l\u2019\u00e9lection du futur [&hellip;]<\/p>\n","protected":false},"author":1965,"featured_media":0,"comment_status":"closed","ping_status":"closed","sticky":false,"template":"","format":"standard","meta":{"fifu_image_url":"","fifu_image_alt":"","footnotes":""},"categories":[73,82],"tags":[],"class_list":["post-110491","post","type-post","status-publish","format-standard","hentry","category-actualite","category-cameroun"],"_links":{"self":[{"href":"https:\/\/linitiative.ca\/International\/wp-json\/wp\/v2\/posts\/110491","targetHints":{"allow":["GET"]}}],"collection":[{"href":"https:\/\/linitiative.ca\/International\/wp-json\/wp\/v2\/posts"}],"about":[{"href":"https:\/\/linitiative.ca\/International\/wp-json\/wp\/v2\/types\/post"}],"author":[{"embeddable":true,"href":"https:\/\/linitiative.ca\/International\/wp-json\/wp\/v2\/users\/1965"}],"replies":[{"embeddable":true,"href":"https:\/\/linitiative.ca\/International\/wp-json\/wp\/v2\/comments?post=110491"}],"version-history":[{"count":0,"href":"https:\/\/linitiative.ca\/International\/wp-json\/wp\/v2\/posts\/110491\/revisions"}],"wp:attachment":[{"href":"https:\/\/linitiative.ca\/International\/wp-json\/wp\/v2\/media?parent=110491"}],"wp:term":[{"taxonomy":"category","embeddable":true,"href":"https:\/\/linitiative.ca\/International\/wp-json\/wp\/v2\/categories?post=110491"},{"taxonomy":"post_tag","embeddable":true,"href":"https:\/\/linitiative.ca\/International\/wp-json\/wp\/v2\/tags?post=110491"}],"curies":[{"name":"wp","href":"https:\/\/api.w.org\/{rel}","templated":true}]}}