{"id":110492,"date":"2021-02-02T17:18:02","date_gmt":"2021-02-02T22:18:02","guid":{"rendered":"https:\/\/linitiative.ca\/International\/covid-19-la-cote-divoire-enregistre-six-deces-en-trois-jours\/"},"modified":"2021-02-02T17:18:02","modified_gmt":"2021-02-02T22:18:02","slug":"covid-19-la-cote-divoire-enregistre-six-deces-en-trois-jours","status":"publish","type":"post","link":"https:\/\/linitiative.ca\/International\/covid-19-la-cote-divoire-enregistre-six-deces-en-trois-jours\/","title":{"rendered":"Covid-19: la C\u00f4te d\u2019Ivoire enregistre six d\u00e9c\u00e8s en trois jours"},"content":{"rendered":"<div readability=\"32\">\n<p>Publi\u00e9 le 02.02.2021 \u00e0 23h18 par APA News<\/p>\n<\/div>\n<div readability=\"51\">\n<p>La C\u00f4te d\u2019Ivoire qui conna\u00eet depuis quelques semaines une recrudescence de cas de Covid-19, a enregistr\u00e9 six d\u00e9c\u00e8s en trois jours, soit deux d\u00e9c\u00e8s par jour depuis dimanche, a constat\u00e9 mardi APA sur place dans la capitale \u00e9conomique ivoirienne.<\/p>\n<p>Dans son rapport quotidien sur cette pand\u00e9mie, le minist\u00e8re ivoirien de la Sant\u00e9 et de l\u2019hygi\u00e8ne publique a indiqu\u00e9 que le pays a enregistr\u00e9 ce mardi 02 f\u00e9vrier 2021 \u00ab\u00a0132 nouveaux cas de Covid-19, 229 gu\u00e9ris et 02 d\u00e9c\u00e8s\u00a0\u00bb.\u00a0<\/p>\n<p>Dimanche la C\u00f4te d\u2019Ivoire a enregistr\u00e9 221 nouveaux cas et 02 d\u00e9c\u00e8s, quand le bilan de lundi faisait \u00e9tat de 76 nouveaux cas et 02 d\u00e9c\u00e8s. Ainsi, \u00e0 ce jour, le pays compte 28607 cas confirm\u00e9s de Covid-19 dont 26724 gu\u00e9ries, 158 d\u00e9c\u00e8s et 1725 cas actifs.\u00a0<\/p>\n<\/div>\n<p>Auteur: APA News<br \/>\n<a href=\"https:\/\/www.journalducameroun.com\/covid-19-la-cote-divoire-enregistre-six-deces-en-trois-jours\/\">Cliquez ici pour lire l&rsquo;article depuis sa source.<\/a><\/p>\n","protected":false},"excerpt":{"rendered":"<p>Publi\u00e9 le 02.02.2021 \u00e0 23h18 par APA News La C\u00f4te d\u2019Ivoire qui conna\u00eet depuis quelques semaines une recrudescence de cas de Covid-19, a enregistr\u00e9 six d\u00e9c\u00e8s en trois jours, soit deux d\u00e9c\u00e8s par jour depuis dimanche, a constat\u00e9 mardi APA sur place dans la capitale \u00e9conomique ivoirienne. Dans son rapport quotidien sur cette pand\u00e9mie, le [&hellip;]<\/p>\n","protected":false},"author":1965,"featured_media":0,"comment_status":"closed","ping_status":"closed","sticky":false,"template":"","format":"standard","meta":{"fifu_image_url":"","fifu_image_alt":"","footnotes":""},"categories":[73,82],"tags":[],"class_list":["post-110492","post","type-post","status-publish","format-standard","hentry","category-actualite","category-cameroun"],"_links":{"self":[{"href":"https:\/\/linitiative.ca\/International\/wp-json\/wp\/v2\/posts\/110492","targetHints":{"allow":["GET"]}}],"collection":[{"href":"https:\/\/linitiative.ca\/International\/wp-json\/wp\/v2\/posts"}],"about":[{"href":"https:\/\/linitiative.ca\/International\/wp-json\/wp\/v2\/types\/post"}],"author":[{"embeddable":true,"href":"https:\/\/linitiative.ca\/International\/wp-json\/wp\/v2\/users\/1965"}],"replies":[{"embeddable":true,"href":"https:\/\/linitiative.ca\/International\/wp-json\/wp\/v2\/comments?post=110492"}],"version-history":[{"count":0,"href":"https:\/\/linitiative.ca\/International\/wp-json\/wp\/v2\/posts\/110492\/revisions"}],"wp:attachment":[{"href":"https:\/\/linitiative.ca\/International\/wp-json\/wp\/v2\/media?parent=110492"}],"wp:term":[{"taxonomy":"category","embeddable":true,"href":"https:\/\/linitiative.ca\/International\/wp-json\/wp\/v2\/categories?post=110492"},{"taxonomy":"post_tag","embeddable":true,"href":"https:\/\/linitiative.ca\/International\/wp-json\/wp\/v2\/tags?post=110492"}],"curies":[{"name":"wp","href":"https:\/\/api.w.org\/{rel}","templated":true}]}}