{"id":110493,"date":"2021-02-02T07:21:46","date_gmt":"2021-02-02T12:21:46","guid":{"rendered":"https:\/\/linitiative.ca\/International\/chan-2020-le-caf-rejette-laccord-de-50-du-taux-doccupation-des-stades-en-demi-finales\/"},"modified":"2021-02-02T07:21:46","modified_gmt":"2021-02-02T12:21:46","slug":"chan-2020-le-caf-rejette-laccord-de-50-du-taux-doccupation-des-stades-en-demi-finales","status":"publish","type":"post","link":"https:\/\/linitiative.ca\/International\/chan-2020-le-caf-rejette-laccord-de-50-du-taux-doccupation-des-stades-en-demi-finales\/","title":{"rendered":"CHAN 2020 : le CAF rejette l\u2019accord de 50% du taux d\u2019occupation des stades en demi-finales"},"content":{"rendered":"<p>Les stades de Limb\u00e9 et de Japoma, qui vont abriter les rencontres des demi-finales du Championnat d\u2019Afrique des Nations (CHAN) de football 2020 ne seront plus occup\u00e9s \u00e0 50% par les spectateurs comme pr\u00e9alablement d\u00e9fini par la Conf\u00e9d\u00e9ration africaine de football (Caf). L\u2019instance du football africain a d\u00e9cid\u00e9 de maintenir le taux d\u2019occupation des stades \u00e0 25% comme c\u2019\u00e9tait le cas pendant les matchs de groupes.<\/p>\n<p>Et pour cause, elle d\u00e9plore le non-respect du protocole Covid-19 \u00e9tabli de concert avec le comit\u00e9 local d\u2019organisation peu avant le d\u00e9but du tournoi. Le secr\u00e9taire g\u00e9n\u00e9ral par int\u00e9rim de la Caf, Abdelmouna\u00efm Bah, l\u2019a signifi\u00e9 dans une correspondance adress\u00e9e le lundi 1<sup>er<\/sup>\u00a0f\u00e9vrier 2021 au pr\u00e9sident du Cocan, Narcisse Mouelle Kombi.<\/p>\n<p><strong>\u00ab\u00a0<\/strong><em>La commission d\u2019organisation de la CAF du Championnat d\u2019Afrique des Nations, lors de sa r\u00e9union tenue le 29 janvier 2021, avec la pr\u00e9sence d\u2019un repr\u00e9sentant du COL (Comit\u00e9 d\u2019organisation local, NDLR), a examin\u00e9 les rapports des officiels de la CAF quant au respect du protocole Covid-19 lors des matchs du groupe et a d\u00e9cid\u00e9 de maintenir la capacit\u00e9 de 25% pour tous les matchs restants de la comp\u00e9tition \u00e0 savoir les deux matchs des demi-finales, le match de classement et le match de la finale<\/em>\u00a0\u00bb.<\/p>\n<p>En clair, pour les affiches Cameroun-Maroc et Mali-Guin\u00e9e de ce mercredi 3 f\u00e9vrier, les diff\u00e9rents stades susmentionn\u00e9s ne seront\u00a0\u00a0occup\u00e9s qu\u2019\u00e0 25% comme habituellement pendant les matchs de poules, et r\u00e9cemment lors des quarts de finale.<\/p>\n<p>Et pourtant, la Caf a souvent martel\u00e9, avant, pendant et m\u00eame apr\u00e8s les matchs, le respect strict des mesures barri\u00e8res, qui rentrent dans le protocole Covid-19 du Chan. Mais le public n\u2019en a fait qu\u2019\u00e0 sa t\u00eate.<\/p>\n<p>L\u2019instance du football continental menace m\u00eame de r\u00e9duire le pourcentage de 25% si \u00e0 l\u2019observation des demi-finales, les r\u00e8gles du protocole Covid-19 sont davantage foul\u00e9es au pied.<\/p>\n<p><em>\u00ab\u00a0La CAF se r\u00e9serve le droit de diminuer ce quota lors des matchs du classement et de la finale au cas du non-respect de cette d\u00e9cision et du protocole Covid-19 lors des matchs des demi-finales<\/em>\u00a0\u00bb, ajoute Abdelmouna\u00efm Bah.<\/p>\n<p>Auteur: Eco Matin<br \/>\n<a href=\"https:\/\/ecomatin.net\/chan-2020-le-caf-rejette-laccord-de-50-du-taux-doccupation-des-stades-en-demi-finales\/\">Cliquez ici pour lire l&rsquo;article depuis sa source.<\/a><\/p>\n","protected":false},"excerpt":{"rendered":"<p>Les stades de Limb\u00e9 et de Japoma, qui vont abriter les rencontres des demi-finales du Championnat d\u2019Afrique des Nations (CHAN) de football 2020 ne seront plus occup\u00e9s \u00e0 50% par les spectateurs comme pr\u00e9alablement d\u00e9fini par la Conf\u00e9d\u00e9ration africaine de football (Caf). L\u2019instance du football africain a d\u00e9cid\u00e9 de maintenir le taux d\u2019occupation des stades [&hellip;]<\/p>\n","protected":false},"author":1969,"featured_media":0,"comment_status":"closed","ping_status":"closed","sticky":false,"template":"","format":"standard","meta":{"fifu_image_url":"","fifu_image_alt":"","footnotes":""},"categories":[82,78],"tags":[],"class_list":["post-110493","post","type-post","status-publish","format-standard","hentry","category-cameroun","category-economie"],"_links":{"self":[{"href":"https:\/\/linitiative.ca\/International\/wp-json\/wp\/v2\/posts\/110493","targetHints":{"allow":["GET"]}}],"collection":[{"href":"https:\/\/linitiative.ca\/International\/wp-json\/wp\/v2\/posts"}],"about":[{"href":"https:\/\/linitiative.ca\/International\/wp-json\/wp\/v2\/types\/post"}],"author":[{"embeddable":true,"href":"https:\/\/linitiative.ca\/International\/wp-json\/wp\/v2\/users\/1969"}],"replies":[{"embeddable":true,"href":"https:\/\/linitiative.ca\/International\/wp-json\/wp\/v2\/comments?post=110493"}],"version-history":[{"count":0,"href":"https:\/\/linitiative.ca\/International\/wp-json\/wp\/v2\/posts\/110493\/revisions"}],"wp:attachment":[{"href":"https:\/\/linitiative.ca\/International\/wp-json\/wp\/v2\/media?parent=110493"}],"wp:term":[{"taxonomy":"category","embeddable":true,"href":"https:\/\/linitiative.ca\/International\/wp-json\/wp\/v2\/categories?post=110493"},{"taxonomy":"post_tag","embeddable":true,"href":"https:\/\/linitiative.ca\/International\/wp-json\/wp\/v2\/tags?post=110493"}],"curies":[{"name":"wp","href":"https:\/\/api.w.org\/{rel}","templated":true}]}}