{"id":110494,"date":"2021-02-02T11:52:03","date_gmt":"2021-02-02T16:52:03","guid":{"rendered":"https:\/\/linitiative.ca\/International\/orange-sacre-top-employer-en-2021\/"},"modified":"2021-02-02T11:52:03","modified_gmt":"2021-02-02T16:52:03","slug":"orange-sacre-top-employer-en-2021","status":"publish","type":"post","link":"https:\/\/linitiative.ca\/International\/orange-sacre-top-employer-en-2021\/","title":{"rendered":"Orange sacr\u00e9 \u00ab Top employer \u00bb en 2021"},"content":{"rendered":"<p>C\u2019est sous la base des tendances de ressources humaines (RH) couvrant des th\u00e9matiques comme le mill\u00e9nial, le bien-\u00eatre, la diversit\u00e9 et l\u2019inclusion en passant par les meilleures pratiques telles que l\u2019analytique RH et l\u2019acquisition de talent que le groupe fran\u00e7ais de t\u00e9l\u00e9communications Orange a obtenu pour la 7<sup>e<\/sup>\u00a0fois le prix du Top employer.<\/p>\n<p>Pour l\u2019\u00e9dition 2021, l\u2019entreprise fran\u00e7aise, a fait l\u2019objet d\u2019une \u00e9valuation \u00e0 travers une enqu\u00eate li\u00e9e \u00e0 600 pratiques RH, reparties en 10 th\u00e8mes portant entre autres sur la politique de gestion des performations, le d\u00e9veloppement des comp\u00e9tences\u00a0 du leadership, sur la capacit\u00e9 de cr\u00e9er un cadre de travail permettant l\u2019\u00e9panouissement de ses employ\u00e9s et la mise en \u0153uvre de proc\u00e9dures favorisant l\u2019\u00e9quilibre vie priv\u00e9e\/vie professionnelle entre aux autres.<\/p>\n<p><strong>Lire aussi<\/strong> : \u00a0<a href=\"https:\/\/ecomatin.net\/poesam-2020-orange-cameroun-prime-quatre-projets-camerounais\/\">Poesam 2020 : Orange Cameroun prime quatre projets camerounais<\/a><\/p>\n<p>Certification qui n\u2019a pas manqu\u00e9 de r\u00e9jouir le Directeur G\u00e9n\u00e9ral d\u2019Orange Fr\u00e9deric Debord\u00a0\u00ab\u00a0cette certification couronne les efforts constants d\u2019innovation et d\u2019am\u00e9lioration de nos pratiques que nous mettons en \u0153uvre afin de nous maintenir au top en mati\u00e8re de gestion des ressources humaine. L\u2019obtention amplement m\u00e9rit\u00e9e de cette distinction internationale par Orange Cameroun a \u00e9t\u00e9 rendue possible gr\u00e2ce \u00e0 l\u2019effort du personnel qui d\u2019une mani\u00e8re ou d\u2019une autre contribue \u00e0 la performation globale de notre entreprise. Et plus paritairement les \u00e9quipes de la direction de Ressources Humaines qui travaillent au quotidien \u00e0 l\u2019am\u00e9lioration de notre bien-\u00eatre au travail\u00a0\u00bb, indique-t-il. L\u2019\u00e9valuation\u00a0 vient ainsi positionner, le groupe Orange parmi les op\u00e9rateurs de t\u00e9l\u00e9phonie\u00a0 mobile moderne et performants.<\/p>\n<p>La \u00a0certification dont il est question est accord\u00e9e par le Top Employers Institute, un organisme de certification international qui reconna\u00eet l\u2019excellence des pratiques RH. Pour y parvenir l\u2019organisme a \u00e9tabli un processus bien d\u00e9finit, sur la base des \u00a0crit\u00e8res pr\u00e9cis.\u00a0Tout d\u2019abord l\u2019organisation d\u00e9sireuse de la certification doit compl\u00e9ter une enqu\u00eate d\u00e9taill\u00e9e de ses pratiques RH, \u00e0 travers le r\u00e9f\u00e9rentiel \u00ab\u00a0HR Best Practices Survey\u00a0\u00bb.\u00a0Ensuite les r\u00e9ponses seront \u00a0ensuite valid\u00e9es, not\u00e9es et les r\u00e9sultats seront restitu\u00e9s \u00e0 l\u2019aide d\u2019une analyse qui les compare \u00e0 ses \u00a0pairs.\u00a0En cas de succ\u00e8s, l\u2019entreprise est \u00a0reconnue en tant que Top Employer, par cons\u00e9quent \u00a0la positionne ainsi en tant qu\u2019employeur de choix dans son secteur.\u00a0Enfin une fois certifi\u00e9e, l\u2019organisation en question recevra un audit de restitution accompagn\u00e9 de ses r\u00e9sultats.\u00a0L\u2019objectif de cette certification \u00a0est de reconna\u00eetre les Top Employers \u00e0 travers le monde et d\u2019\u00e9valuer l\u2019impact des \u00a0strat\u00e9gies en \u00a0ressources humaines au sein de ces \u00a0organisations.<\/p>\n<p><strong>Lire aussi<\/strong> : <a href=\"https:\/\/ecomatin.net\/orange-prime-les-startuppers-africains\/\">Orange prime les startuppers africain<\/a><\/p>\n<p>Auteur: Amina MALLOUM<br \/>\n<a href=\"https:\/\/ecomatin.net\/orange-sacre-top-employer-pour-la-7e-fois-en-2021\/\">Cliquez ici pour lire l&rsquo;article depuis sa source.<\/a><\/p>\n","protected":false},"excerpt":{"rendered":"<p>C\u2019est sous la base des tendances de ressources humaines (RH) couvrant des th\u00e9matiques comme le mill\u00e9nial, le bien-\u00eatre, la diversit\u00e9 et l\u2019inclusion en passant par les meilleures pratiques telles que l\u2019analytique RH et l\u2019acquisition de talent que le groupe fran\u00e7ais de t\u00e9l\u00e9communications Orange a obtenu pour la 7e\u00a0fois le prix du Top employer. Pour l\u2019\u00e9dition [&hellip;]<\/p>\n","protected":false},"author":1969,"featured_media":0,"comment_status":"closed","ping_status":"closed","sticky":false,"template":"","format":"standard","meta":{"fifu_image_url":"","fifu_image_alt":"","footnotes":""},"categories":[82,78],"tags":[],"class_list":["post-110494","post","type-post","status-publish","format-standard","hentry","category-cameroun","category-economie"],"_links":{"self":[{"href":"https:\/\/linitiative.ca\/International\/wp-json\/wp\/v2\/posts\/110494","targetHints":{"allow":["GET"]}}],"collection":[{"href":"https:\/\/linitiative.ca\/International\/wp-json\/wp\/v2\/posts"}],"about":[{"href":"https:\/\/linitiative.ca\/International\/wp-json\/wp\/v2\/types\/post"}],"author":[{"embeddable":true,"href":"https:\/\/linitiative.ca\/International\/wp-json\/wp\/v2\/users\/1969"}],"replies":[{"embeddable":true,"href":"https:\/\/linitiative.ca\/International\/wp-json\/wp\/v2\/comments?post=110494"}],"version-history":[{"count":0,"href":"https:\/\/linitiative.ca\/International\/wp-json\/wp\/v2\/posts\/110494\/revisions"}],"wp:attachment":[{"href":"https:\/\/linitiative.ca\/International\/wp-json\/wp\/v2\/media?parent=110494"}],"wp:term":[{"taxonomy":"category","embeddable":true,"href":"https:\/\/linitiative.ca\/International\/wp-json\/wp\/v2\/categories?post=110494"},{"taxonomy":"post_tag","embeddable":true,"href":"https:\/\/linitiative.ca\/International\/wp-json\/wp\/v2\/tags?post=110494"}],"curies":[{"name":"wp","href":"https:\/\/api.w.org\/{rel}","templated":true}]}}