{"id":110498,"date":"2021-02-03T09:11:10","date_gmt":"2021-02-03T14:11:10","guid":{"rendered":"https:\/\/linitiative.ca\/International\/vaccination-anti-covid19-ouverture-dune-enquete-a-lencontre-du-president-du-conseil-de-la-prefecture-de-skhirat-temara-non-prioritaire\/"},"modified":"2021-02-03T09:11:10","modified_gmt":"2021-02-03T14:11:10","slug":"vaccination-anti-covid19-ouverture-dune-enquete-a-lencontre-du-president-du-conseil-de-la-prefecture-de-skhirat-temara-non-prioritaire","status":"publish","type":"post","link":"https:\/\/linitiative.ca\/International\/vaccination-anti-covid19-ouverture-dune-enquete-a-lencontre-du-president-du-conseil-de-la-prefecture-de-skhirat-temara-non-prioritaire\/","title":{"rendered":"Vaccination anti-Covid19: Ouverture d\u2019une enqu\u00eate \u00e0 l\u2019encontre du pr\u00e9sident du conseil de la pr\u00e9fecture de Skhirat-T\u00e9mara non prioritaire"},"content":{"rendered":"<header>\n<\/header>\n<div class=\"entry-content clearfix\" readability=\"42\"><img decoding=\"async\" class=\"post_layout_5_img\" src=\"http:\/\/aujourdhui.ma\/wp-content\/uploads\/2021\/01\/vaccin-anti-covid-arme\u0301e-blanche-rec\u0327oit-sa-dose-2.jpg\" alt=\"Vaccination anti-Covid19: Ouverture d&#x2019;une enqu&#xEA;te &#xE0; l&#x2019;encontre du pr&#xE9;sident du conseil de la pr&#xE9;fecture de Skhirat-T&#xE9;mara non prioritaire\"\/><\/p>\n<p><span class=\"c5\"><strong>Une enqu\u00eate a \u00e9t\u00e9 ouverte mercredi pour d\u00e9terminer les circonstances entourant la vaccination du pr\u00e9sident du conseil de la pr\u00e9fecture de Skhirat-T\u00e9mara contre la Covid-19, alors qu\u2019il ne fait pas partie des cat\u00e9gories prioritaires devant b\u00e9n\u00e9ficier de la campagne nationale de vaccination, a indiqu\u00e9 la wilaya de la r\u00e9gion de Rabat-Sal\u00e9-K\u00e9nitra.<\/strong> <span id=\"more-367339\"\/><\/span><\/p>\n<p>Les mesures disciplinaires et juridiques n\u00e9cessaires seront prises \u00e0 l\u2019encontre de toute personne impliqu\u00e9e dans la facilitation de cette vaccination en dehors des conditions en vigueur, a pr\u00e9cis\u00e9 la wilaya dans un communiqu\u00e9.<\/p>\n<\/div>\n<p>Auteur: ALM<br \/>\n<a href=\"https:\/\/aujourdhui.ma\/actualite\/vaccination-anti-covid19-ouverture-dune-enquete-a-lencontre-du-president-du-conseil-de-la-prefecture-de-skhirat-temara-non-prioritaire\">Cliquez ici pour lire l&rsquo;article depuis sa source.<\/a><\/p>\n","protected":false},"excerpt":{"rendered":"<p>Une enqu\u00eate a \u00e9t\u00e9 ouverte mercredi pour d\u00e9terminer les circonstances entourant la vaccination du pr\u00e9sident du conseil de la pr\u00e9fecture de Skhirat-T\u00e9mara contre la Covid-19, alors qu\u2019il ne fait pas partie des cat\u00e9gories prioritaires devant b\u00e9n\u00e9ficier de la campagne nationale de vaccination, a indiqu\u00e9 la wilaya de la r\u00e9gion de Rabat-Sal\u00e9-K\u00e9nitra. Les mesures disciplinaires et [&hellip;]<\/p>\n","protected":false},"author":1759,"featured_media":0,"comment_status":"closed","ping_status":"closed","sticky":false,"template":"","format":"standard","meta":{"fifu_image_url":"http:\/\/aujourdhui.ma\/wp-content\/uploads\/2021\/01\/vaccin-anti-covid-arme\u0301e-blanche-rec\u0327oit-sa-dose-2.jpg","fifu_image_alt":"Vaccination anti-Covid19: Ouverture d\u2019une enqu\u00eate \u00e0 l\u2019encontre du pr\u00e9sident du conseil de la pr\u00e9fecture de Skhirat-T\u00e9mara non prioritaire","footnotes":""},"categories":[73,54],"tags":[],"class_list":["post-110498","post","type-post","status-publish","format-standard","hentry","category-actualite","category-maroc"],"_links":{"self":[{"href":"https:\/\/linitiative.ca\/International\/wp-json\/wp\/v2\/posts\/110498","targetHints":{"allow":["GET"]}}],"collection":[{"href":"https:\/\/linitiative.ca\/International\/wp-json\/wp\/v2\/posts"}],"about":[{"href":"https:\/\/linitiative.ca\/International\/wp-json\/wp\/v2\/types\/post"}],"author":[{"embeddable":true,"href":"https:\/\/linitiative.ca\/International\/wp-json\/wp\/v2\/users\/1759"}],"replies":[{"embeddable":true,"href":"https:\/\/linitiative.ca\/International\/wp-json\/wp\/v2\/comments?post=110498"}],"version-history":[{"count":0,"href":"https:\/\/linitiative.ca\/International\/wp-json\/wp\/v2\/posts\/110498\/revisions"}],"wp:attachment":[{"href":"https:\/\/linitiative.ca\/International\/wp-json\/wp\/v2\/media?parent=110498"}],"wp:term":[{"taxonomy":"category","embeddable":true,"href":"https:\/\/linitiative.ca\/International\/wp-json\/wp\/v2\/categories?post=110498"},{"taxonomy":"post_tag","embeddable":true,"href":"https:\/\/linitiative.ca\/International\/wp-json\/wp\/v2\/tags?post=110498"}],"curies":[{"name":"wp","href":"https:\/\/api.w.org\/{rel}","templated":true}]}}