{"id":110500,"date":"2021-02-03T10:30:42","date_gmt":"2021-02-03T15:30:42","guid":{"rendered":"https:\/\/linitiative.ca\/International\/une-petition-pour-soutenir-leconomie-a-fnideq\/"},"modified":"2021-02-03T10:30:42","modified_gmt":"2021-02-03T15:30:42","slug":"une-petition-pour-soutenir-leconomie-a-fnideq","status":"publish","type":"post","link":"https:\/\/linitiative.ca\/International\/une-petition-pour-soutenir-leconomie-a-fnideq\/","title":{"rendered":"Une p\u00e9tition pour soutenir l\u2019\u00e9conomie \u00e0 Fnideq"},"content":{"rendered":"<p><img decoding=\"async\" class=\"post_layout_5_img\" src=\"http:\/\/aujourdhui.ma\/wp-content\/uploads\/2021\/02\/1-La-ville-de-Fnideq.jpg\" alt=\"Une p&#xE9;tition pour soutenir l&#x2019;&#xE9;conomie &#xE0; Fnideq\"\/><\/p>\n<p><span class=\"c5\"><strong>Les 100 signataires viennent d\u2019\u00e9mettre cinq suggestions afin de sortir la ville de l\u2019impasse<\/strong><\/span><span id=\"more-367315\"\/><\/p>\n<p>La population de Fnideq souffre, depuis trois ans, d\u2019une forte d\u00e9gradation de ses conditions de vie en raison de l\u2019arr\u00eat de l\u2019activit\u00e9 de contrebande vivri\u00e8re au poste frontalier de Bab Sebta et en l\u2019absence des alternatives et des solutions durables \u00e0 cette crise \u00e9conomique et sociale. C\u2019est ce qu\u2019avancent les signataires d\u2019une p\u00e9tition qu\u2019ils viennent d\u2019\u00e9mettre sur les r\u00e9seaux sociaux pour appeler les responsables \u00e0 r\u00e9agir pour pouvoir sauver l\u2019\u00e9conomie de cette ville.<br \/>Surtout que des milliers d\u2019habitants ont continu\u00e9, depuis des d\u00e9cennies, \u00e0 tirer leurs revenus du commerce transfrontalier avec le pr\u00e9side occup\u00e9. Baptis\u00e9e \u00abAppel de Fnideq\u00bb, cette p\u00e9tition a rassembl\u00e9 quelque 100 personnalit\u00e9s, notamment des \u00e9lus, des professeurs universitaires, des avocats, des commer\u00e7ants, des repr\u00e9sentants du monde du sport et de la culture ainsi que des acteurs associatifs, des militants syndicaux et des droits de l\u2019Homme. Les signataires tiennent \u00e0 rappeler que la situation \u00e9conomique de la ville s\u2019est davantage d\u00e9t\u00e9rior\u00e9e, depuis mars 2020, par la fermeture d\u00e9finitive du point de passage Bab Sebta, en raison de la crise sanitaire li\u00e9e \u00e0 la pand\u00e9mie de Covid-19. \u00abNous, les signataires de l\u2019\u00abAppel de Fnideq\u00bb, nous demandons au gouvernement d\u2019assumer sa responsabilit\u00e9 politique et de d\u00e9veloppement pour sauver la ville de la grave crise \u00e9conomique qui a commenc\u00e9 \u00e0 menacer sa stabilit\u00e9 sociale\u00bb, fait part \u00abLe Groupe de r\u00e9flexion pour Fnideq\u00bb \u00e0 l\u2019origine de cette p\u00e9tition.<\/p>\n<p>Les 100 signataires ont \u00e9mis \u00e0 travers l\u2019\u00abAppel de Fnideq\u00bb cinq suggestions et recommandations pour pouvoir sauver l\u2019\u00e9conomie de Fnideq. Ils proposent l\u2019\u00e9laboration, en collaboration avec le Conseil r\u00e9gional de Tanger-T\u00e9touan-Al Hceima, d\u2019un programme de d\u00e9veloppement \u00e9conomique et social d\u2019urgence visant \u00e0 aider la ville \u00e0 sortir de la crise \u00e9conomique et sociale. Les signataires appellent \u00e0 la r\u00e9ouverture du point de passage Bab Sebta (avec le strict respect des restrictions sanitaires face \u00e0 la pand\u00e9mie de Covid-19) en vue d\u2019aider \u00e0 att\u00e9nuer les cons\u00e9quences du marasme \u00e9conomique dont souffre Fnideq.<br \/>Ils demandent l\u2019intervention des responsables pour acc\u00e9l\u00e9rer les travaux de r\u00e9alisation du projet de la zone d\u2019activit\u00e9s \u00e9conomiques (200 millions de dirhams), qui est le fruit d\u2019une convention-cadre de coop\u00e9ration entre plusieurs partenaires institutionnels et conseils \u00e9lus.<\/p>\n<p>Les signataires appellent \u00e0 relier Fnideq au syst\u00e8me \u00e9conomique du port Tanger-Med pour permettre d\u2019insuffler une dynamique \u00e0 la ville. Ils demandent \u00e9galement la mise en place d\u2019un syst\u00e8me \u00e9conomique alternatif \u00e0 l\u2019activit\u00e9 de contrebande vivri\u00e8re et visant \u00e0 r\u00e9pondre \u00e0 une forte demande de l\u2019emploi parmi la population de la ville, et ce \u00e0 travers des investissements publics et priv\u00e9s dans les secteurs de la p\u00eache, le commerce, le tourisme et l\u2019\u00e9conomie solidaire.<\/p>\n<p>Auteur: Najat Fa\u00efssal<br \/>\n<a href=\"https:\/\/aujourdhui.ma\/actualite\/une-petition-pour-soutenir-leconomie-a-fnideq\">Cliquez ici pour lire l&rsquo;article depuis sa source.<\/a><\/p>\n","protected":false},"excerpt":{"rendered":"<p>Les 100 signataires viennent d\u2019\u00e9mettre cinq suggestions afin de sortir la ville de l\u2019impasse La population de Fnideq souffre, depuis trois ans, d\u2019une forte d\u00e9gradation de ses conditions de vie en raison de l\u2019arr\u00eat de l\u2019activit\u00e9 de contrebande vivri\u00e8re au poste frontalier de Bab Sebta et en l\u2019absence des alternatives et des solutions durables \u00e0 [&hellip;]<\/p>\n","protected":false},"author":1759,"featured_media":0,"comment_status":"closed","ping_status":"closed","sticky":false,"template":"","format":"standard","meta":{"fifu_image_url":"http:\/\/aujourdhui.ma\/wp-content\/uploads\/2021\/02\/1-La-ville-de-Fnideq.jpg","fifu_image_alt":"Une p\u00e9tition pour soutenir l\u2019\u00e9conomie \u00e0 Fnideq","footnotes":""},"categories":[73,54],"tags":[],"class_list":["post-110500","post","type-post","status-publish","format-standard","hentry","category-actualite","category-maroc"],"_links":{"self":[{"href":"https:\/\/linitiative.ca\/International\/wp-json\/wp\/v2\/posts\/110500","targetHints":{"allow":["GET"]}}],"collection":[{"href":"https:\/\/linitiative.ca\/International\/wp-json\/wp\/v2\/posts"}],"about":[{"href":"https:\/\/linitiative.ca\/International\/wp-json\/wp\/v2\/types\/post"}],"author":[{"embeddable":true,"href":"https:\/\/linitiative.ca\/International\/wp-json\/wp\/v2\/users\/1759"}],"replies":[{"embeddable":true,"href":"https:\/\/linitiative.ca\/International\/wp-json\/wp\/v2\/comments?post=110500"}],"version-history":[{"count":0,"href":"https:\/\/linitiative.ca\/International\/wp-json\/wp\/v2\/posts\/110500\/revisions"}],"wp:attachment":[{"href":"https:\/\/linitiative.ca\/International\/wp-json\/wp\/v2\/media?parent=110500"}],"wp:term":[{"taxonomy":"category","embeddable":true,"href":"https:\/\/linitiative.ca\/International\/wp-json\/wp\/v2\/categories?post=110500"},{"taxonomy":"post_tag","embeddable":true,"href":"https:\/\/linitiative.ca\/International\/wp-json\/wp\/v2\/tags?post=110500"}],"curies":[{"name":"wp","href":"https:\/\/api.w.org\/{rel}","templated":true}]}}