{"id":110501,"date":"2021-02-03T09:22:25","date_gmt":"2021-02-03T14:22:25","guid":{"rendered":"https:\/\/linitiative.ca\/International\/la-fnm-rend-un-hommage-appuye-a-feu-mohamed-melehi\/"},"modified":"2021-02-03T09:22:25","modified_gmt":"2021-02-03T14:22:25","slug":"la-fnm-rend-un-hommage-appuye-a-feu-mohamed-melehi","status":"publish","type":"post","link":"https:\/\/linitiative.ca\/International\/la-fnm-rend-un-hommage-appuye-a-feu-mohamed-melehi\/","title":{"rendered":"La FNM rend un hommage appuy\u00e9 \u00e0 feu Mohamed Melehi"},"content":{"rendered":"<p><strong>La Fondation Nationale des Mus\u00e9es (FNM) a rendu, mardi au mus\u00e9e Mohammed VI d\u2019art moderne et contemporain (MMVI), un hommage posthume \u00e0 la figure de proue de l\u2019art contemporain marocain, l\u2019artiste peintre Mohamed Melehi, d\u00e9c\u00e9d\u00e9 en octobre dernier.<\/strong><\/p>\n<p>Ce vibrant hommage, tenu en pr\u00e9sence de la famille et de ses amis du d\u00e9funt artiste, a \u00e9t\u00e9 marqu\u00e9 par les t\u00e9moignages des proches de ce dernier, et rehauss\u00e9 par la projection d\u2019une capsule vid\u00e9o intitul\u00e9e: \u00ab\u00a0la transcendance d\u2019un fait pictural\u00a0\u00bb \u00e0 la m\u00e9moire du regrett\u00e9, affichant notamment des mots du pr\u00e9sident de l\u2019Institut du Monde Arabe, Jack Lang, de l\u2019\u00e9crivain Tahar Benjelloun, de l\u2019\u00e9crivaine Toni Maraini et du po\u00e8te Mostafa Nissabouri, en plus d\u2019une \u00e9l\u00e9gie r\u00e9cit\u00e9e par Mohamed Bennis.<\/p>\n<p>\u00ab\u00a0Personnalit\u00e9 pivot dans le Maroc contemporain\u00a0\u00bb, Mohamed Melehi a r\u00e9ussi la r\u00e9conciliation entre l\u2019authenticit\u00e9 et la modernit\u00e9 marocaine, a pr\u00e9cis\u00e9 le ministre de la Culture, de la jeunesse et des sports, Othman El Ferdaous dans sa d\u00e9claration \u00e0 la MAP, soulignant que \u00ab\u00a0cette r\u00e9conciliation est un \u00e9l\u00e9ment tr\u00e8s important pour b\u00e2tir les nouvelles g\u00e9n\u00e9rations\u00a0\u00bb.<\/p>\n<p>El Ferdaous a en outre invit\u00e9 les professeurs et parents, en compagnie des enfants, \u00e0 visiter les \u0153uvres du regrett\u00e9 artiste au MMVI pour s\u2019impr\u00e9gner d\u2019un art marocain authentique, \u00ab\u00a0d\u00e9complex\u00e9, solaire et optimiste dans son mouvement\u00a0\u00bb.<\/p>\n<p>Cet hommage a \u00e9t\u00e9 l\u2019occasion de faire la lumi\u00e8re sur la g\u00e9n\u00e9rosit\u00e9 artistique du d\u00e9funt, conform\u00e9ment au \u00ab\u00a0r\u00f4le de la FNM dans la promotion des artistes qui ont marqu\u00e9 la sc\u00e8ne\u00a0\u00bb, a indiqu\u00e9 le pr\u00e9sident de la Fondation, Mehdi Qotbi, tout en relevant la \u00ab\u00a0place essentielle de la culture au Maroc\u00a0\u00bb, qui a permis aux mus\u00e9es de rester ouverts, durant la pand\u00e9mie de Covid-19, dans le strict respect des protocoles sanitaires.<\/p>\n<p>\u00ab\u00a0Les mus\u00e9es sont un lieu de lumi\u00e8res et de couleurs essentiel\u00a0\u00bb, a-t-il dit.<\/p>\n<p>\u00c9voquant l\u2019importance du r\u00f4le de la culture dans l\u2019\u00e9dification de la future g\u00e9n\u00e9ration, M. Qotbi a r\u00e9v\u00e9l\u00e9 \u00e0 la MAP qu\u2019un projet d\u2019accord tripartite est en cours d\u2019\u00e9laboration entre le minist\u00e8re de la Culture, de la jeunesse et des sport, le minist\u00e8re de l\u2019\u00c9ducation nationale, de la formation professionnelle, de l\u2019enseignement sup\u00e9rieur et de la recherche scientifique et la FNM pour mettre en place \u00ab\u00a0un passe qui va permettre aux enseignants la gratuit\u00e9 des mus\u00e9es et des monuments\u00a0\u00bb.<\/p>\n<p>Pour sa part, le ministre de l\u2019\u00c9ducation nationale, de la formation professionnelle, de l\u2019enseignement sup\u00e9rieur et de la recherche scientifique, Saa\u00efd Amzazi, a soulign\u00e9, dans une d\u00e9claration similaire, qu\u2019\u00e0 travers ce projet d\u2019accord, son d\u00e9partement, aux c\u00f4t\u00e9s de la FNM, visent \u00e0 \u00ab\u00a0promouvoir la culture en permettant aux enseignants d\u2019acc\u00e9der aux mus\u00e9es de mani\u00e8re gratuite\u00a0\u00bb.<\/p>\n<p>S\u2019arr\u00eatant sur l\u2019hommage rendu \u00e0 Mohamed Melehi, M. Amzazi a d\u00e9plor\u00e9 la perte d\u2019une \u00ab\u00a0importante figure artistique dans la sc\u00e8ne marocaine\u00a0\u00bb, qui incarne par son art \u00ab\u00a0une facette de la culture tr\u00e8s importante pour la nouvelle g\u00e9n\u00e9ration, qu\u2019il faudrait s\u2019approprier pour l\u2019inculquer aux \u00e9l\u00e8ves et ainsi la perp\u00e9tuer\u00a0\u00bb.<\/p>\n<p>A l\u2019occasion de cet \u00e9v\u00e9nement, qui a connu la pr\u00e9sence d\u2019une pl\u00e9iade de personnalit\u00e9s du monde des arts, de la culture et des m\u00e9dias, une plaque comm\u00e9morative a \u00e9t\u00e9 d\u00e9voil\u00e9e au MMVI dans la salle qui porte dor\u00e9navant le nom de Mohamed Melehi, en plus de l\u2019exposition des \u0153uvres de l\u2019artiste dans le cadre de l\u2019\u00e9v\u00e8nement : \u00ab\u00a0Les peintres marocains dans les collections nationales, de Ben Ali R\u2019bati \u00e0 nos jours\u00a0\u00bb.<\/p>\n<p>Auteur: M&rsquo;hammed rahal<br \/>\n<a href=\"http:\/\/albayane.press.ma\/la-fnm-rend-un-hommage-appuye-a-feu-mohamed-melehi.html\">Cliquez ici pour lire l&rsquo;article depuis sa source.<\/a><\/p>\n","protected":false},"excerpt":{"rendered":"<p>La Fondation Nationale des Mus\u00e9es (FNM) a rendu, mardi au mus\u00e9e Mohammed VI d\u2019art moderne et contemporain (MMVI), un hommage posthume \u00e0 la figure de proue de l\u2019art contemporain marocain, l\u2019artiste peintre Mohamed Melehi, d\u00e9c\u00e9d\u00e9 en octobre dernier. Ce vibrant hommage, tenu en pr\u00e9sence de la famille et de ses amis du d\u00e9funt artiste, a [&hellip;]<\/p>\n","protected":false},"author":1760,"featured_media":0,"comment_status":"closed","ping_status":"closed","sticky":false,"template":"","format":"standard","meta":{"fifu_image_url":"","fifu_image_alt":"","footnotes":""},"categories":[73,54],"tags":[],"class_list":["post-110501","post","type-post","status-publish","format-standard","hentry","category-actualite","category-maroc"],"_links":{"self":[{"href":"https:\/\/linitiative.ca\/International\/wp-json\/wp\/v2\/posts\/110501","targetHints":{"allow":["GET"]}}],"collection":[{"href":"https:\/\/linitiative.ca\/International\/wp-json\/wp\/v2\/posts"}],"about":[{"href":"https:\/\/linitiative.ca\/International\/wp-json\/wp\/v2\/types\/post"}],"author":[{"embeddable":true,"href":"https:\/\/linitiative.ca\/International\/wp-json\/wp\/v2\/users\/1760"}],"replies":[{"embeddable":true,"href":"https:\/\/linitiative.ca\/International\/wp-json\/wp\/v2\/comments?post=110501"}],"version-history":[{"count":0,"href":"https:\/\/linitiative.ca\/International\/wp-json\/wp\/v2\/posts\/110501\/revisions"}],"wp:attachment":[{"href":"https:\/\/linitiative.ca\/International\/wp-json\/wp\/v2\/media?parent=110501"}],"wp:term":[{"taxonomy":"category","embeddable":true,"href":"https:\/\/linitiative.ca\/International\/wp-json\/wp\/v2\/categories?post=110501"},{"taxonomy":"post_tag","embeddable":true,"href":"https:\/\/linitiative.ca\/International\/wp-json\/wp\/v2\/tags?post=110501"}],"curies":[{"name":"wp","href":"https:\/\/api.w.org\/{rel}","templated":true}]}}