{"id":110504,"date":"2021-02-03T09:33:09","date_gmt":"2021-02-03T14:33:09","guid":{"rendered":"https:\/\/linitiative.ca\/International\/telmoudi-band-quand-la-musique-defie-la-pandemie\/"},"modified":"2021-02-03T09:33:09","modified_gmt":"2021-02-03T14:33:09","slug":"telmoudi-band-quand-la-musique-defie-la-pandemie","status":"publish","type":"post","link":"https:\/\/linitiative.ca\/International\/telmoudi-band-quand-la-musique-defie-la-pandemie\/","title":{"rendered":"\u00abTelmoudi Band\u00bb, Quand la musique d\u00e9fie la pand\u00e9mie"},"content":{"rendered":"<p class=\"c2\"><strong><em>Par Omar Er-rouch-MAP<\/em><\/strong><\/p>\n<p><strong>Marrakech, 02\/02\/2021 (MAP)- pand\u00e9mie du nouveau coronavirus (Covid-19), \u00ab\u00a0Telmoudi Band\u00a0\u00bb a su relever le d\u00e9fi, en cette circonstance difficile, celui, de maintenir le contact avec son public, en proposant des spectacles in\u00e9dits sur les r\u00e9seaux sociaux, de quoi garantir une \u00ab\u00a0fugue\u00a0\u00bb virtuelle du confinement.<\/strong><\/p>\n<p>A Riad Annada, une maison d\u2019h\u00f4te \u00e0 quelque kilom\u00e8tres de Marrakech, des sc\u00e8nes quasi-normales ont pr\u00e9c\u00e9d\u00e9 le streaming en direct d\u2019un nouveau live de l\u2019orchestre dirig\u00e9 par le musicien Hicham Telmoudi : Derniers ajustements des musiciens, des machinistes et des techniciens, le tout dans un strict respect des mesures barri\u00e8res de pr\u00e9vention contre la propagation de la Covid-19, dont le port des masques de protection, la distanciation physique et le respect scrupuleux des r\u00e8gles d\u2019hygi\u00e8ne.<\/p>\n<p>Devant ce groupe de jeunes musiciens, se dresse une haie de cam\u00e9ras pour une captation optimale \u00e0 destination des r\u00e9seaux sociaux, surtout que l\u2019invit\u00e9 du jour n\u2019est autre que l\u2019artiste \u00e9m\u00e9rite et prodige, Marouane Hajji.<br \/>\u00ab\u00a0Apr\u00e8s l\u2019arr\u00eat de l\u2019activit\u00e9 culturelle et artistique en mars 2020, je me suis dit que je ne pouvais pas arr\u00eater compl\u00e8tement. Alors je me suis retrouss\u00e9 les manches et j\u2019ai cr\u00e9\u00e9 un nouveau concept o\u00f9, nous nous invitons dans les maisons des m\u00e9lomanes marocains\u00a0\u00bb, a confi\u00e9 \u00e0 la MAP, le musicien Hicham Telmoudi, qui compte \u00e0 son actif une s\u00e9rie d\u2019\u0153uvres artistiques, dont les albums \u00ab\u00a0Taj Maroc\u00a0\u00bb, \u00ab\u00a0Aji Nwerik Bladi 1\u00a0\u00bb et \u00ab\u00a0Aji Nwerik Bladi 2\u00a0\u00bb.<\/p>\n<p>\u00ab\u00a0Sauf force majeure, nous essayons chaque semaine d\u2019organiser un live, o\u00f9 nous invitons un artiste, le temps d\u2019interpr\u00e9ter un floril\u00e8ge de chansons de son r\u00e9pertoire\u00a0\u00bb, a-t-il expliqu\u00e9, faisant savoir que l\u2019objectif est de rendre le sourire aux mordus parmi les plus sensibles \u00e0 la bonne musique, qui, crise sanitaire l\u2019oblige, ont \u00e9t\u00e9 priv\u00e9s du plaisir de partager des moments musicaux de grande qualit\u00e9.<\/p>\n<p>Nostalgique des jours d\u2019avant la pand\u00e9mie, le musicien savoure ces moments \u00e0 c\u00f4t\u00e9 de ses coll\u00e8gues. \u00ab\u00a0C\u2019est un sentiment extraordinaire de se retrouver ensemble, certes, en respectant les mesures barri\u00e8res de pr\u00e9vention, apr\u00e8s des jours difficiles de confinement\u00a0\u00bb, a relev\u00e9 l\u2019artiste, qui n\u2019a pas manqu\u00e9 d\u2019exprimer ses remerciements \u00e0 tous les partenaires de ce projet, notamment l\u2019Association \u00ab\u00a0Marrakech Tarab\u00a0\u00bb, qui ont mobilis\u00e9 les moyens techniques et logistiques indispensables \u00e0 la r\u00e9ussite de cette belle aventure. Sur la sc\u00e8ne soigneusement am\u00e9nag\u00e9e au centre de Riad Annada, avec un jeu de lumi\u00e8res captivantes, l\u2019artiste prodige Marouane Hajji ne cache pas son bonheur d\u2019\u00eatre \u00e0 nouveau sur sc\u00e8ne.<\/p>\n<p>\u00ab\u00a0Monter sur sc\u00e8ne \u00e0 nouveau est une b\u00e9n\u00e9diction\u00a0\u00bb, a soulign\u00e9 l\u2019artiste avec joie et \u00e9motion, tout en saluant l\u2019initiative \u00ab\u00a0innovante\u00a0\u00bb entreprise par Hicham Telmoudi et son orchestre pour animer la sc\u00e8ne artistique marocaine, lourdement p\u00e9nalis\u00e9e par la pand\u00e9mie de la Covid-19.<\/p>\n<p>Le jeune interpr\u00e8te de chants soufis, qui a d\u00e9j\u00e0 plusieurs albums \u00e0 son actif, notamment \u00ab\u00a0Wadaa Al Andalous\u00a0\u00bb, \u00ab\u00a0Layali Soufia\u00a0\u00bb, les clips \u00ab\u00a0Haoua Laila\u00a0\u00bb et \u00ab\u00a0Al Houkm Addati\u00a0\u00bb et l\u2019op\u00e9rette \u00ab\u00a0Madarij Al Kamal\u00a0\u00bb, met en avant l\u2019importance de ce concept, qui \u00ab\u00a0nous permet de rester en contact avec notre public et donne aux f\u00e9rus l\u2019occasion de retrouver le plaisir d\u2019\u00e9couter les meilleures interpr\u00e9tations puis\u00e9es dans le r\u00e9pertoire de leurs artistes pr\u00e9f\u00e9r\u00e9s\u00a0\u00bb.<\/p>\n<p>Dans les coulisses, M. Adil Akkad, Pr\u00e9sident de l\u2019Association Marrakech Tarab, veille aux moindres d\u00e9tails de ce spectacle, qui, selon lui, \u00ab\u00a0meuble le paysage artistique marocain dans une conjoncture marqu\u00e9e par l\u2019arr\u00eat total de toute activit\u00e9 culturelle et artistique\u00a0\u00bb.<\/p>\n<p>\u00ab\u00a0Nous avons offert notre Riad et mobilis\u00e9 les moyens techniques et logistiques pour assurer la r\u00e9ussite de cette initiative louable qui enrichit la sc\u00e8ne musicale dans la cit\u00e9 ocre\u00a0\u00bb, a-t-il relev\u00e9, faisant savoir que l\u2019objectif de son association est de contribuer \u00e0 la promotion de la musique traditionnelle dans la r\u00e9gion Marrakech-Safi.<\/p>\n<p>Un espace digne des mille et une nuits, un jeu de lumi\u00e8res m\u00e9tamorphosant compl\u00e8tement le paysage, une r\u00e9alisation sonore immersive, des notes musicales soigneusement synchronis\u00e9es, et une interpr\u00e9tation magique sont tous au rendez-vous\u2026 Un vrai moment de joie et de plaisir pour l\u2019\u0153il et l\u2019oreille.<\/p>\n<p>Auteur: M&rsquo;hammed rahal<br \/>\n<a href=\"http:\/\/albayane.press.ma\/telmoudi-band-quand-la-musique-defie-la-pandemie.html\">Cliquez ici pour lire l&rsquo;article depuis sa source.<\/a><\/p>\n","protected":false},"excerpt":{"rendered":"<p>Par Omar Er-rouch-MAP Marrakech, 02\/02\/2021 (MAP)- pand\u00e9mie du nouveau coronavirus (Covid-19), \u00ab\u00a0Telmoudi Band\u00a0\u00bb a su relever le d\u00e9fi, en cette circonstance difficile, celui, de maintenir le contact avec son public, en proposant des spectacles in\u00e9dits sur les r\u00e9seaux sociaux, de quoi garantir une \u00ab\u00a0fugue\u00a0\u00bb virtuelle du confinement. A Riad Annada, une maison d\u2019h\u00f4te \u00e0 quelque [&hellip;]<\/p>\n","protected":false},"author":1760,"featured_media":0,"comment_status":"closed","ping_status":"closed","sticky":false,"template":"","format":"standard","meta":{"fifu_image_url":"","fifu_image_alt":"","footnotes":""},"categories":[73,54],"tags":[],"class_list":["post-110504","post","type-post","status-publish","format-standard","hentry","category-actualite","category-maroc"],"_links":{"self":[{"href":"https:\/\/linitiative.ca\/International\/wp-json\/wp\/v2\/posts\/110504","targetHints":{"allow":["GET"]}}],"collection":[{"href":"https:\/\/linitiative.ca\/International\/wp-json\/wp\/v2\/posts"}],"about":[{"href":"https:\/\/linitiative.ca\/International\/wp-json\/wp\/v2\/types\/post"}],"author":[{"embeddable":true,"href":"https:\/\/linitiative.ca\/International\/wp-json\/wp\/v2\/users\/1760"}],"replies":[{"embeddable":true,"href":"https:\/\/linitiative.ca\/International\/wp-json\/wp\/v2\/comments?post=110504"}],"version-history":[{"count":0,"href":"https:\/\/linitiative.ca\/International\/wp-json\/wp\/v2\/posts\/110504\/revisions"}],"wp:attachment":[{"href":"https:\/\/linitiative.ca\/International\/wp-json\/wp\/v2\/media?parent=110504"}],"wp:term":[{"taxonomy":"category","embeddable":true,"href":"https:\/\/linitiative.ca\/International\/wp-json\/wp\/v2\/categories?post=110504"},{"taxonomy":"post_tag","embeddable":true,"href":"https:\/\/linitiative.ca\/International\/wp-json\/wp\/v2\/tags?post=110504"}],"curies":[{"name":"wp","href":"https:\/\/api.w.org\/{rel}","templated":true}]}}