{"id":110505,"date":"2021-02-03T09:34:12","date_gmt":"2021-02-03T14:34:12","guid":{"rendered":"https:\/\/linitiative.ca\/International\/%ef%bb%bflunesco-va-etudier-les-repercussions-du-covid-19\/"},"modified":"2021-02-03T09:34:12","modified_gmt":"2021-02-03T14:34:12","slug":"%ef%bb%bflunesco-va-etudier-les-repercussions-du-covid-19","status":"publish","type":"post","link":"https:\/\/linitiative.ca\/International\/%ef%bb%bflunesco-va-etudier-les-repercussions-du-covid-19\/","title":{"rendered":"\ufeffL\u2019UNESCO va \u00e9tudier les r\u00e9percussions du Covid-19"},"content":{"rendered":"<p class=\"c2\"><strong>Industries culturelles et cr\u00e9atives<\/strong><\/p>\n<p><strong>Le Comit\u00e9 sur la diversit\u00e9 des expressions culturelles de l\u2019Organisation des Nations pour l\u2019Education, la Science et la Culture (UNESCO), va \u00e9tudier les r\u00e9percussions de la pand\u00e9mie du Covid-19 sur les industries culturelles et cr\u00e9atives.<\/strong><\/p>\n<p>A cet effet, le Comit\u00e9 intergouvernemental de la Convention de 2005 sur la protection et la promotion de la diversit\u00e9 des expressions culturelles va tenir sa session annuelle en ligne du 1er au 6 f\u00e9vrier, apprend-on aupr\u00e8s de l\u2019Unesco.<\/p>\n<p>Cette 14e session du Comit\u00e9 commencera par la c\u00e9l\u00e9bration par l\u2019UNESCO de l\u2019Ann\u00e9e internationale de l\u2019\u00e9conomie cr\u00e9ative pour le d\u00e9veloppement durable. Cette c\u00e9l\u00e9bration permettra de r\u00e9affirmer le r\u00f4le central des artistes et des professionnels de la culture dans l\u2019\u00e9conomie cr\u00e9ative et l\u2019engagement de l\u2019Unesco \u00e0 promouvoir le secteur par le biais d\u2019une coop\u00e9ration inter-agences, souligne l\u2019agence onusienne dans un communiqu\u00e9.<\/p>\n<p>Au cours de la session, le Comit\u00e9 examinera les nouvelles demandes de financement soumises au Fonds international pour la diversit\u00e9 culturelle.<\/p>\n<p>Il se penchera sur une proposition de programme de soutien \u00e0 la mise en \u0153uvre de la Convention sur la diversit\u00e9 des expressions culturelles dans un environnement num\u00e9rique, indique la m\u00eame source.<\/p>\n<p>Les membres du Comit\u00e9 examineront \u00e9galement les r\u00e9sultats du mouvement ResiliArt lanc\u00e9 par l\u2019UNESCO en avril dernier en vue d\u2019une sensibilisation aux cons\u00e9quences de la crise sanitaire mondiale sur les secteurs culturels et cr\u00e9atifs.<\/p>\n<p>Rejoint par plus d\u2019une centaine de pays, le mouvement a donn\u00e9 lieu \u00e0 240 d\u00e9bats virtuels et a fourni aux artistes et professionnels de la culture une plateforme pour partager leur inqui\u00e9tude et proposer des solutions, donnant ainsi la preuve de la r\u00e9silience des arts face \u00e0 la pand\u00e9mie.<\/p>\n<p>Auteur: M&rsquo;hammed rahal<br \/>\n<a href=\"http:\/\/albayane.press.ma\/%EF%BB%BFlunesco-va-etudier-les-repercussions-du-covid-19.html\">Cliquez ici pour lire l&rsquo;article depuis sa source.<\/a><\/p>\n","protected":false},"excerpt":{"rendered":"<p>Industries culturelles et cr\u00e9atives Le Comit\u00e9 sur la diversit\u00e9 des expressions culturelles de l\u2019Organisation des Nations pour l\u2019Education, la Science et la Culture (UNESCO), va \u00e9tudier les r\u00e9percussions de la pand\u00e9mie du Covid-19 sur les industries culturelles et cr\u00e9atives. A cet effet, le Comit\u00e9 intergouvernemental de la Convention de 2005 sur la protection et la [&hellip;]<\/p>\n","protected":false},"author":1760,"featured_media":0,"comment_status":"closed","ping_status":"closed","sticky":false,"template":"","format":"standard","meta":{"fifu_image_url":"","fifu_image_alt":"","footnotes":""},"categories":[73,54],"tags":[],"class_list":["post-110505","post","type-post","status-publish","format-standard","hentry","category-actualite","category-maroc"],"_links":{"self":[{"href":"https:\/\/linitiative.ca\/International\/wp-json\/wp\/v2\/posts\/110505","targetHints":{"allow":["GET"]}}],"collection":[{"href":"https:\/\/linitiative.ca\/International\/wp-json\/wp\/v2\/posts"}],"about":[{"href":"https:\/\/linitiative.ca\/International\/wp-json\/wp\/v2\/types\/post"}],"author":[{"embeddable":true,"href":"https:\/\/linitiative.ca\/International\/wp-json\/wp\/v2\/users\/1760"}],"replies":[{"embeddable":true,"href":"https:\/\/linitiative.ca\/International\/wp-json\/wp\/v2\/comments?post=110505"}],"version-history":[{"count":0,"href":"https:\/\/linitiative.ca\/International\/wp-json\/wp\/v2\/posts\/110505\/revisions"}],"wp:attachment":[{"href":"https:\/\/linitiative.ca\/International\/wp-json\/wp\/v2\/media?parent=110505"}],"wp:term":[{"taxonomy":"category","embeddable":true,"href":"https:\/\/linitiative.ca\/International\/wp-json\/wp\/v2\/categories?post=110505"},{"taxonomy":"post_tag","embeddable":true,"href":"https:\/\/linitiative.ca\/International\/wp-json\/wp\/v2\/tags?post=110505"}],"curies":[{"name":"wp","href":"https:\/\/api.w.org\/{rel}","templated":true}]}}