{"id":110510,"date":"2021-02-03T06:23:29","date_gmt":"2021-02-03T11:23:29","guid":{"rendered":"https:\/\/linitiative.ca\/International\/la-tunisie-lance-un-projet-pour-la-promotion-des-reformes-pro-concurrentielles\/"},"modified":"2021-02-03T06:23:29","modified_gmt":"2021-02-03T11:23:29","slug":"la-tunisie-lance-un-projet-pour-la-promotion-des-reformes-pro-concurrentielles","status":"publish","type":"post","link":"https:\/\/linitiative.ca\/International\/la-tunisie-lance-un-projet-pour-la-promotion-des-reformes-pro-concurrentielles\/","title":{"rendered":"La Tunisie lance un projet pour la promotion des r\u00e9formes pro-concurrentielles"},"content":{"rendered":"<div class=\"td-post-content\">\n<h2>\u00ab\u00a0Un projet de r\u00e9vision du cadre l\u00e9gislatif et r\u00e9glementaire concurrentiel national, visant \u00e0 identifier et encourager des r\u00e9formes pro-concurrentielles dans le pays, vient d\u2019\u00eatre lanc\u00e9 en Tunisie, avec l\u2019appui de l\u2019Union europ\u00e9enne et l\u2019Organisation de coop\u00e9ration et de d\u00e9veloppement \u00e9conomiques (OCDE)\u00a0\u00bb. C\u2019est ce qu\u2019a annonc\u00e9, mardi soir, la\u00a0<a href=\"https:\/\/www.facebook.com\/EUTunisie\" target=\"_blank\" rel=\"noopener noreferrer\">D\u00e9l\u00e9gation de l\u2019UE en Tunisie<\/a>.<\/h2>\n<p>L\u2019OCDE a estim\u00e9, en 2018, l\u2019impact de la mise en \u0153uvre de r\u00e9formes pro-concurrentielles dans les secteurs des r\u00e9seaux en Tunisie. Ces estimations pr\u00e9voient une hausse du revenu national de pr\u00e8s de 1,75 % en 5 ans et de pr\u00e8s de 5% sur 20 ans.<\/p>\n<p>Les barri\u00e8res \u00e0 la concurrence d\u00e9couragent l\u2019entr\u00e9e de nouvelles entreprises sur les march\u00e9s. Elles favorisent les rentes de situation. Ce qui entrave l\u2019innovation et la productivit\u00e9 et engendre des prix \u00e9lev\u00e9s, de faibles investissements et moins d\u2019emplois.<\/p>\n<p>Les obstacles \u00e0 la concurrence peuvent \u00e9galement contribuer \u00e0 creuser les in\u00e9galit\u00e9s. Et ce en favorisant l\u2019accumulation des ressources par la partie la plus riche de la soci\u00e9t\u00e9, au d\u00e9triment des autres.<\/p>\n<p>Ce projet s\u2019inscrit dans le cadre du Programme d\u2019Appui \u00e0 la Gouvernance \u00c9conomique (PAGE) de l\u2019UE. En effet, ce programme vise \u00e0 accompagner les efforts du gouvernement pour soutenir les performances \u00e9conomiques du pays, \u00e0 travers une am\u00e9lioration de son climat d\u2019investissements, et \u00e0 stimuler la demande de r\u00e9forme \u00e9conomique dans le pays, via un appui aux diff\u00e9rentes dimensions du d\u00e9bat public sur les questions \u00e9conomiques.<\/p>\n<p>La r\u00e9vision du cadre l\u00e9gislatif et r\u00e9glementaire concurrentiel tunisien profiterait \u00e0 la fois aux consommateurs avec des prix \u00e0 la consommation plus bas, un plus grand choix, une meilleure qualit\u00e9 des produits et services, et aux entreprises avec plus d\u2019investissements dans l\u2019innovation et une meilleure productivit\u00e9.<\/p>\n<h2>Examen des l\u00e9gislations et de la politique nationale de la concurrence<\/h2>\n<p>Le projet inclut un examen des l\u00e9gislations et de la\u00a0<a href=\"http:\/\/www.leconomistemaghrebin.com\/2020\/10\/08\/le-conseil-de-la-concurrence-ouvre-une-enquete-sur-laugmentation-concomitante-des-tarifs-dacces-a-internet\/\" target=\"_blank\" rel=\"noopener noreferrer\">politique nationale de la concurrence<\/a>, qui a pour but d\u2019aider la Tunisie \u00e0 am\u00e9liorer sa politique de concurrence, conform\u00e9ment aux standards internationaux et en s\u2019inspirant des meilleures pratiques en la mati\u00e8re\u00a0 et d\u2019une \u00e9tude de l\u2019impact concurrentiel des lois et r\u00e9glementations dans deux secteurs cl\u00e9s de l\u2019\u00e9conomie : le tourisme et le secteur bancaire, repr\u00e9sentant 11% du PIB et 5,5% de l\u2019emploi salari\u00e9 formel dans le pays.<\/p>\n<p>Lors du s\u00e9minaire de lancement de ce projet, le Chef de la section \u00e9conomique de la D\u00e9l\u00e9gation de l\u2019UE \u00e0 Tunis, Marco Stella, a d\u00e9clar\u00e9 que \u00ab\u00a0la Tunisie, malgr\u00e9 ses importants progr\u00e8s sur le plan politique, se trouve aujourd\u2019hui dans une situation de paradoxe \u00e9conomique. Elle r\u00e9unit toutes les conditions pour devenir un acteur r\u00e9gional majeur, pourtant, son potentiel ne semble pas se mat\u00e9rialiser. Ce paradoxe trouve notamment sa source dans l\u2019existence d\u2019une panoplie d\u2019obstacles \u00e0 la concurrence qui accablent l\u2019activit\u00e9 \u00e9conomique\u00a0\u00bb.<\/p>\n<p>Pour sa part, le Chef par int\u00e9rim de la division de la concurrence de l\u2019OCDE, Antonio Capobianco, a rappel\u00e9 que \u00ab\u00a0l\u2019OCDE est fi\u00e8re de consolider sa coop\u00e9ration avec la Tunisie et salue l\u2019engagement des autorit\u00e9s \u00e0 am\u00e9liorer le fonctionnement des march\u00e9s, au profit des consommateurs et des entreprises tunisiennes\u00a0\u00bb.<\/p>\n<p>De son c\u00f4t\u00e9, le pr\u00e9sident du Conseil de la concurrence, Ridha Ben Mahmoud,\u00a0 a estim\u00e9 que \u00ab les composantes de ce projet sont parfaitement en ligne avec les priorit\u00e9s du Conseil qui \u0153uvre \u00e0 renforcer le changement de la culture de la r\u00e9glementation, afin de cr\u00e9er un environnement des affaires plus comp\u00e9titif, dynamique et innovant \u00bb.<\/p>\n<p>Le pr\u00e9sident de l\u2019Organisation de d\u00e9fense du consommateur, Slim Saadallah, a soulign\u00e9 que \u00ab l\u2019ODC se f\u00e9licite de l\u2019int\u00e9r\u00eat port\u00e9 au bien-\u00eatre des consommateurs et entend contribuer activement \u00e0 ce projet et porter haut la voix du consommateur tunisien \u00bb.<\/p>\n<p>Le projet fait suite \u00e0 une premi\u00e8re \u00e9tude de l\u2019impact concurrentiel des lois et r\u00e9glementations dans les secteurs du commerce et du transport de marchandises r\u00e9alis\u00e9e en 2019. Cette \u00e9tude a permis d\u2019\u00e9mettre 220 recommandations sp\u00e9cifiques pour pallier\u00a0 l\u2019atteinte \u00e0 la concurrence dans ces deux secteurs et a estim\u00e9 un effet positif de leur mise en \u0153uvre sur l\u2019\u00e9conomie tunisienne \u00e0 environ 0,6 % du PIB.<\/p>\n<p>Avec TAP<\/p>\n<\/div>\n<footer>\n<\/footer>\n<div class=\"wp-post-author-wrap wp-post-author-shortcode left\">\n<h3 class=\"awpa-title\"\/>\n<div class=\"wp-post-author\">\n<div class=\"awpa-img awpa-author-block square\"><a href=\"http:\/\/lexpertjournal.net\/fr\/?author=5\"><img loading=\"lazy\" decoding=\"async\" alt=\"\" src=\"http:\/\/0.gravatar.com\/avatar\/97f8e10a1c1125ba104a76514ee07b16?s=150&amp;d=mm&amp;r=g\" srcset=\"http:\/\/0.gravatar.com\/avatar\/97f8e10a1c1125ba104a76514ee07b16?s=300&amp;d=mm&amp;r=g 2x\" class=\"avatar avatar-150 photo\" height=\"150\" width=\"150\"\/><\/a><\/div>\n<\/div>\n<\/div>\n<aside class=\"mashsb-container mashsb-main mashsb-stretched\">\n<\/aside>\n<p>Auteur: L&rsquo;expert<br \/>\n<a href=\"http:\/\/lexpertjournal.net\/fr\/?p=18471\">Cliquez ici pour lire l&rsquo;article depuis sa source.<\/a><\/p>\n","protected":false},"excerpt":{"rendered":"<p>\u00ab\u00a0Un projet de r\u00e9vision du cadre l\u00e9gislatif et r\u00e9glementaire concurrentiel national, visant \u00e0 identifier et encourager des r\u00e9formes pro-concurrentielles dans le pays, vient d\u2019\u00eatre lanc\u00e9 en Tunisie, avec l\u2019appui de l\u2019Union europ\u00e9enne et l\u2019Organisation de coop\u00e9ration et de d\u00e9veloppement \u00e9conomiques (OCDE)\u00a0\u00bb. C\u2019est ce qu\u2019a annonc\u00e9, mardi soir, la\u00a0D\u00e9l\u00e9gation de l\u2019UE en Tunisie. L\u2019OCDE a estim\u00e9, [&hellip;]<\/p>\n","protected":false},"author":1775,"featured_media":0,"comment_status":"closed","ping_status":"closed","sticky":false,"template":"","format":"standard","meta":{"fifu_image_url":"http:\/\/0.gravatar.com\/avatar\/97f8e10a1c1125ba104a76514ee07b16?s=150&d=mm&r=g","fifu_image_alt":"La Tunisie lance un projet pour la promotion des r\u00e9formes pro-concurrentielles","footnotes":""},"categories":[78,55],"tags":[],"class_list":["post-110510","post","type-post","status-publish","format-standard","hentry","category-economie","category-tunisie"],"_links":{"self":[{"href":"https:\/\/linitiative.ca\/International\/wp-json\/wp\/v2\/posts\/110510","targetHints":{"allow":["GET"]}}],"collection":[{"href":"https:\/\/linitiative.ca\/International\/wp-json\/wp\/v2\/posts"}],"about":[{"href":"https:\/\/linitiative.ca\/International\/wp-json\/wp\/v2\/types\/post"}],"author":[{"embeddable":true,"href":"https:\/\/linitiative.ca\/International\/wp-json\/wp\/v2\/users\/1775"}],"replies":[{"embeddable":true,"href":"https:\/\/linitiative.ca\/International\/wp-json\/wp\/v2\/comments?post=110510"}],"version-history":[{"count":0,"href":"https:\/\/linitiative.ca\/International\/wp-json\/wp\/v2\/posts\/110510\/revisions"}],"wp:attachment":[{"href":"https:\/\/linitiative.ca\/International\/wp-json\/wp\/v2\/media?parent=110510"}],"wp:term":[{"taxonomy":"category","embeddable":true,"href":"https:\/\/linitiative.ca\/International\/wp-json\/wp\/v2\/categories?post=110510"},{"taxonomy":"post_tag","embeddable":true,"href":"https:\/\/linitiative.ca\/International\/wp-json\/wp\/v2\/tags?post=110510"}],"curies":[{"name":"wp","href":"https:\/\/api.w.org\/{rel}","templated":true}]}}