{"id":110511,"date":"2021-02-03T09:25:00","date_gmt":"2021-02-03T14:25:00","guid":{"rendered":"https:\/\/linitiative.ca\/International\/neuf-soldats-maliens-tues-dans-une-attaque-ce-mercredi\/"},"modified":"2021-02-03T09:25:00","modified_gmt":"2021-02-03T14:25:00","slug":"neuf-soldats-maliens-tues-dans-une-attaque-ce-mercredi","status":"publish","type":"post","link":"https:\/\/linitiative.ca\/International\/neuf-soldats-maliens-tues-dans-une-attaque-ce-mercredi\/","title":{"rendered":"Neuf soldats maliens tu\u00e9s dans une attaque ce mercredi"},"content":{"rendered":"<div id=\"originalText\" readability=\"51\">\n<p>Neuf soldats maliens ont \u00e9t\u00e9 tu\u00e9s mercredi dans une attaque contre leur poste dans le centre du Mali, selon un nouveau\u00a0 bilan divulgu\u00e9 par des responsables s\u00e9curitaires.<\/p>\n<p>Le poste de Boni, entre Douentza et Hombori dans la r\u00e9gion de Mopti, a \u00e9t\u00e9 attaqu\u00e9 vers 6H00 (locales et GMT) \u00ab\u00a0par des individus lourdement arm\u00e9s \u00e0\u00a0 bord de v\u00e9hicules blind\u00e9s\u00a0\u00bb, a dit un de ces responsables, cit\u00e9 par des m\u00e9dias.\u00a0<\/p>\n<p>Le camp a subi des d\u00e9g\u00e2ts importants et les assaillants ont emport\u00e9 beaucoup de mat\u00e9riel, a-t-il dit.<\/p>\n<p>Un responsable militaire malien avait indiqu\u00e9 que les assaillants avaient subi \u00ab\u00a0des pertes importantes\u00a0\u00bb.\u00a0<\/p>\n<p>Un pr\u00e9c\u00e9dent bilan de cette attaque faisait \u00e9tat de quatre soldats tu\u00e9s.\u00a0<\/p>\n<p class=\"c6\"><strong>APS<\/strong><\/p>\n<\/div>\n<div id=\"text_core\" readability=\"51\">\n<p>Neuf soldats maliens ont \u00e9t\u00e9 tu\u00e9s mercredi dans une attaque contre leur poste dans le centre du Mali, selon un nouveau\u00a0 bilan divulgu\u00e9 par des responsables s\u00e9curitaires.<\/p>\n<p>Le poste de Boni, entre Douentza et Hombori dans la r\u00e9gion de Mopti, a \u00e9t\u00e9 attaqu\u00e9 vers 6H00 (locales et GMT) \u00ab\u00a0par des individus lourdement arm\u00e9s \u00e0\u00a0 bord de v\u00e9hicules blind\u00e9s\u00a0\u00bb, a dit un de ces responsables, cit\u00e9 par des m\u00e9dias.\u00a0<\/p>\n<p>Le camp a subi des d\u00e9g\u00e2ts importants et les assaillants ont emport\u00e9 beaucoup de mat\u00e9riel, a-t-il dit.<\/p>\n<p>Un responsable militaire malien avait indiqu\u00e9 que les assaillants avaient subi \u00ab\u00a0des pertes importantes\u00a0\u00bb.\u00a0<\/p>\n<p>Un pr\u00e9c\u00e9dent bilan de cette attaque faisait \u00e9tat de quatre soldats tu\u00e9s.\u00a0<\/p>\n<p class=\"c6\"><strong>APS<\/strong><\/p>\n<\/div>\n<p>Auteur:<br \/>\n<a href=\"https:\/\/www.liberte-algerie.com\/actualite\/neuf-soldats-maliens-tues-dans-une-attaque-ce-mercredi-353519\">Cliquez ici pour lire l&rsquo;article depuis sa source.<\/a><\/p>\n","protected":false},"excerpt":{"rendered":"<p>Neuf soldats maliens ont \u00e9t\u00e9 tu\u00e9s mercredi dans une attaque contre leur poste dans le centre du Mali, selon un nouveau\u00a0 bilan divulgu\u00e9 par des responsables s\u00e9curitaires. Le poste de Boni, entre Douentza et Hombori dans la r\u00e9gion de Mopti, a \u00e9t\u00e9 attaqu\u00e9 vers 6H00 (locales et GMT) \u00ab\u00a0par des individus lourdement arm\u00e9s \u00e0\u00a0 bord [&hellip;]<\/p>\n","protected":false},"author":1742,"featured_media":0,"comment_status":"closed","ping_status":"closed","sticky":false,"template":"","format":"standard","meta":{"fifu_image_url":"","fifu_image_alt":"","footnotes":""},"categories":[73,53],"tags":[],"class_list":["post-110511","post","type-post","status-publish","format-standard","hentry","category-actualite","category-algerie"],"_links":{"self":[{"href":"https:\/\/linitiative.ca\/International\/wp-json\/wp\/v2\/posts\/110511","targetHints":{"allow":["GET"]}}],"collection":[{"href":"https:\/\/linitiative.ca\/International\/wp-json\/wp\/v2\/posts"}],"about":[{"href":"https:\/\/linitiative.ca\/International\/wp-json\/wp\/v2\/types\/post"}],"author":[{"embeddable":true,"href":"https:\/\/linitiative.ca\/International\/wp-json\/wp\/v2\/users\/1742"}],"replies":[{"embeddable":true,"href":"https:\/\/linitiative.ca\/International\/wp-json\/wp\/v2\/comments?post=110511"}],"version-history":[{"count":0,"href":"https:\/\/linitiative.ca\/International\/wp-json\/wp\/v2\/posts\/110511\/revisions"}],"wp:attachment":[{"href":"https:\/\/linitiative.ca\/International\/wp-json\/wp\/v2\/media?parent=110511"}],"wp:term":[{"taxonomy":"category","embeddable":true,"href":"https:\/\/linitiative.ca\/International\/wp-json\/wp\/v2\/categories?post=110511"},{"taxonomy":"post_tag","embeddable":true,"href":"https:\/\/linitiative.ca\/International\/wp-json\/wp\/v2\/tags?post=110511"}],"curies":[{"name":"wp","href":"https:\/\/api.w.org\/{rel}","templated":true}]}}