{"id":110512,"date":"2021-02-03T10:04:50","date_gmt":"2021-02-03T15:04:50","guid":{"rendered":"https:\/\/linitiative.ca\/International\/maroc-le-chomage-a-119-en-2020-hcp\/"},"modified":"2021-02-03T10:04:50","modified_gmt":"2021-02-03T15:04:50","slug":"maroc-le-chomage-a-119-en-2020-hcp","status":"publish","type":"post","link":"https:\/\/linitiative.ca\/International\/maroc-le-chomage-a-119-en-2020-hcp\/","title":{"rendered":"Maroc: Le ch\u00f4mage \u00e0 11,9% en 2020 (HCP)"},"content":{"rendered":"<div readability=\"38\">\n<p>Le taux de ch\u00f4mage s\u2019est accru de 2,7 points entre 2019 et 2020, passant de 9,2% \u00e0 11,9%, selon le Haut-Commissariat au Plan (HCP).<\/p>\n<\/div>\n<div readability=\"77\">\n<p>Cette hausse, qui a concern\u00e9 l\u2019ensemble des cat\u00e9gories de la population, est le r\u00e9sultat d\u2019une augmentation dans le milieu rural \u00e0 5,9% et celui urbain \u00e0 15,8%, pr\u00e9cise le HCP qui vient de publier une note sur la situation du march\u00e9 du travail en 2020.<\/p>\n<p>Ladite note fait aussi ressortir que le taux de ch\u00f4mage s\u2019est accru respectivement de 2,9 points \u00e0 10,7% pour les hommes et de 2,7 points \u00e0 16,2% pour les femmes, tandis qu\u2019au niveau des dipl\u00f4m\u00e9s, ce taux a enregistr\u00e9 une hausse de 2,8 points \u00e0 18,5% et de 6,2 points \u00e0 31,2% parmi les jeunes \u00e2g\u00e9s de 15 \u00e0 24 ans.<\/p>\n<p>Au total, le nombre de ch\u00f4meurs a grimp\u00e9 de 29% \u00e0 322.000 personnes, passant de 1.107.000 \u00e0 1.429.000 ch\u00f4meurs entre 2019 et 2020, fait savoir le HCP, soulignant que cette hausse est la cons\u00e9quence d\u2019une augmentation de 224.000 ch\u00f4meurs en milieu urbain et de 98.000 en milieu rural. Elle est exclusivement attribuable au ch\u00f4mage des personnes qui ont perdu leur emploi.<\/p>\n<p>S\u2019agissant du volume du sous-emploi dans ses deux composantes, il est pass\u00e9, durant la m\u00eame p\u00e9riode, de 1.001.000 \u00e0 1.127.000 personnes (619.000 dans les villes et 508.000 \u00e0 la campagne). Le taux de sous-emploi est ainsi pass\u00e9, au niveau national, de 9,2% \u00e0 10,7% (10,1% en urbain et 11,6% en rural).<\/p>\n<\/div>\n<p>Auteur: Meriem IGASS<br \/>\n<a href=\"http:\/\/www.mapmarrakech.ma\/fr\/maroc-le-chomage-a-119-en-2020-hcp\/\">Cliquez ici pour lire l&rsquo;article depuis sa source.<\/a><\/p>\n","protected":false},"excerpt":{"rendered":"<p>Le taux de ch\u00f4mage s\u2019est accru de 2,7 points entre 2019 et 2020, passant de 9,2% \u00e0 11,9%, selon le Haut-Commissariat au Plan (HCP). Cette hausse, qui a concern\u00e9 l\u2019ensemble des cat\u00e9gories de la population, est le r\u00e9sultat d\u2019une augmentation dans le milieu rural \u00e0 5,9% et celui urbain \u00e0 15,8%, pr\u00e9cise le HCP qui [&hellip;]<\/p>\n","protected":false},"author":1788,"featured_media":0,"comment_status":"closed","ping_status":"closed","sticky":false,"template":"","format":"standard","meta":{"fifu_image_url":"","fifu_image_alt":"","footnotes":""},"categories":[54,76],"tags":[],"class_list":["post-110512","post","type-post","status-publish","format-standard","hentry","category-maroc","category-regions"],"_links":{"self":[{"href":"https:\/\/linitiative.ca\/International\/wp-json\/wp\/v2\/posts\/110512","targetHints":{"allow":["GET"]}}],"collection":[{"href":"https:\/\/linitiative.ca\/International\/wp-json\/wp\/v2\/posts"}],"about":[{"href":"https:\/\/linitiative.ca\/International\/wp-json\/wp\/v2\/types\/post"}],"author":[{"embeddable":true,"href":"https:\/\/linitiative.ca\/International\/wp-json\/wp\/v2\/users\/1788"}],"replies":[{"embeddable":true,"href":"https:\/\/linitiative.ca\/International\/wp-json\/wp\/v2\/comments?post=110512"}],"version-history":[{"count":0,"href":"https:\/\/linitiative.ca\/International\/wp-json\/wp\/v2\/posts\/110512\/revisions"}],"wp:attachment":[{"href":"https:\/\/linitiative.ca\/International\/wp-json\/wp\/v2\/media?parent=110512"}],"wp:term":[{"taxonomy":"category","embeddable":true,"href":"https:\/\/linitiative.ca\/International\/wp-json\/wp\/v2\/categories?post=110512"},{"taxonomy":"post_tag","embeddable":true,"href":"https:\/\/linitiative.ca\/International\/wp-json\/wp\/v2\/tags?post=110512"}],"curies":[{"name":"wp","href":"https:\/\/api.w.org\/{rel}","templated":true}]}}