{"id":110513,"date":"2021-02-03T11:59:59","date_gmt":"2021-02-03T16:59:59","guid":{"rendered":"https:\/\/linitiative.ca\/International\/bonnes-conditions-de-deroulement-de-la-campagne-de-vaccination\/"},"modified":"2021-02-03T11:59:59","modified_gmt":"2021-02-03T16:59:59","slug":"bonnes-conditions-de-deroulement-de-la-campagne-de-vaccination","status":"publish","type":"post","link":"https:\/\/linitiative.ca\/International\/bonnes-conditions-de-deroulement-de-la-campagne-de-vaccination\/","title":{"rendered":"Bonnes conditions de d\u00e9roulement de la campagne de vaccination"},"content":{"rendered":"<div readability=\"39\">\n<p>Youssoufia \u2013 La campagne nationale de vaccination anti-Covid 19 s\u2019est poursuivie, mercredi, dans la province de Youssoufia, dans de bonnes conditions et dans un climat empreint de mobilisation et d\u2019un degr\u00e9 \u00e9lev\u00e9 de responsabilit\u00e9 pour faire r\u00e9ussir cette initiative de grande envergure, lanc\u00e9e par Sa Majest\u00e9 le Roi Mohammed VI.<\/p>\n<\/div>\n<div readability=\"97\">\n<p>A l\u2019instar des autres pr\u00e9fectures et provinces du Royaume, les diff\u00e9rents points de vaccination mis en place au niveau de Youssoufia continue d\u2019accueillir les cat\u00e9gories cibl\u00e9es par la premi\u00e8re phase de la campagne vaccinale \u00e0 savoir : les professionnels de la sant\u00e9 (\u00e2g\u00e9 de 40 ans et plus), les pouvoirs publics, les forces de l\u2019ordre, les personnes \u00e2g\u00e9es (75 ans et plus) et la famille de l\u2019enseignement (personnes \u00e2g\u00e9es de 45 ans et plus), qui ont re\u00e7u la premi\u00e8re dose du vaccin.<\/p>\n<p>A la maison des jeunes Al-Amal dans la ville de Youssoufia, les b\u00e9n\u00e9ficiaires ont \u00e9t\u00e9 accueillis \u00e0 l\u2019entr\u00e9e de l\u2019\u00e9tablissement, par des cadres de sant\u00e9, qui ont proc\u00e9d\u00e9 \u00e0 la prise de la temp\u00e9rature, puis \u00e0 l\u2019enregistrement de leurs donn\u00e9es personnelles avant de leur administrer la premi\u00e8re dose du vaccin, dans un circuit respectant les mesures barri\u00e8res de pr\u00e9vention contre la propagation de la Covid-19, dont le port des masques de protection, la distanciation physique et le respect scrupuleux des r\u00e8gles d\u2019hygi\u00e8ne.<\/p>\n<p>\u00ab\u00a0La campagne de vaccination se d\u00e9roule dans de bonnes conditions dans les diff\u00e9rentes stations de vaccination mises en place par le minist\u00e8re de la Sant\u00e9 pour la premi\u00e8re phase de cette op\u00e9ration\u00a0\u00bb, s\u2019est f\u00e9licit\u00e9 le D\u00e9l\u00e9gu\u00e9 provincial de la sant\u00e9, Dr. Mohamed Elatiqi, dans une d\u00e9claration \u00e0 la MAP, ajoutant que l\u2019op\u00e9ration va s\u2019\u00e9tendre progressivement pour comprendre tous les centres de vaccination relevant du territoire de la province, dont le nombre est estim\u00e9 \u00e0 15.<\/p>\n<p>Tout en louant la mobilisation de l\u2019ensemble des partenaires, notamment les professionnels de la sant\u00e9 et les autorit\u00e9s locales, pour assurer la r\u00e9ussite de cette campagne, M. Elatiqi, a affirm\u00e9 que \u00ab\u00a0nous sommes tous engag\u00e9s \u00e0 r\u00e9server un accueil ad\u00e9quat et de qualit\u00e9 aux cat\u00e9gories cibl\u00e9es par cette op\u00e9ration nationale de grande envergure\u00a0\u00bb.<\/p>\n<p>A cet \u00e9gard, le D\u00e9l\u00e9gu\u00e9 a appel\u00e9 la population de la province \u00e0 se rendre massivement aux stations de vaccination et \u00e0 s\u2019engager activement dans cette op\u00e9ration, qui vise \u00e0 atteindre l\u2019immunit\u00e9 communautaire contre la Covid-19 et \u00e0 revenir \u00e0 la vie normale.<\/p>\n<p>De leurs c\u00f4t\u00e9s, les b\u00e9n\u00e9ficiaires ont tenu \u00e0 faire part de leur gratitude \u00e0 SM le Roi Mohammed VI pour cette initiative g\u00e9n\u00e9reuse du Souverain, et de leur satisfaction pour les conditions de prise en charge tout au long du processus de vaccination.<\/p>\n<p>Lanc\u00e9e par Sa Majest\u00e9 le Roi Mohammed VI au Palais Royal \u00e0 F\u00e8s, la campagne nationale de vaccination anti-Covid-19 se d\u00e9roulera de fa\u00e7on progressive et par tranches et b\u00e9n\u00e9ficiera \u00e0 l\u2019ensemble des citoyens marocains et r\u00e9sidents de 17 ans et plus.<\/p>\n<p>Conform\u00e9ment aux Hautes Instructions Royales, la campagne de vaccination sera gratuite pour l\u2019ensemble des citoyens, l\u2019objectif \u00e9tant d\u2019immuniser toutes les composantes du peuple marocain (30 millions pour vacciner \u00e0 peu pr\u00e8s 80 % de la population), de r\u00e9duire puis \u00e9liminer les cas de contamination et de d\u00e9c\u00e8s dus \u00e0 l\u2019\u00e9pid\u00e9mie, et de contenir la propagation du virus dans la perspective d\u2019un retour progressif \u00e0 une vie normale.<\/p>\n<\/div>\n<p>Auteur: Meriem IGASS<br \/>\n<a href=\"http:\/\/www.mapmarrakech.ma\/fr\/bonnes-conditions-de-deroulement-de-la-campagne-de-vaccination\/\">Cliquez ici pour lire l&rsquo;article depuis sa source.<\/a><\/p>\n","protected":false},"excerpt":{"rendered":"<p>Youssoufia \u2013 La campagne nationale de vaccination anti-Covid 19 s\u2019est poursuivie, mercredi, dans la province de Youssoufia, dans de bonnes conditions et dans un climat empreint de mobilisation et d\u2019un degr\u00e9 \u00e9lev\u00e9 de responsabilit\u00e9 pour faire r\u00e9ussir cette initiative de grande envergure, lanc\u00e9e par Sa Majest\u00e9 le Roi Mohammed VI. A l\u2019instar des autres pr\u00e9fectures [&hellip;]<\/p>\n","protected":false},"author":1788,"featured_media":0,"comment_status":"closed","ping_status":"closed","sticky":false,"template":"","format":"standard","meta":{"fifu_image_url":"","fifu_image_alt":"","footnotes":""},"categories":[54,76],"tags":[],"class_list":["post-110513","post","type-post","status-publish","format-standard","hentry","category-maroc","category-regions"],"_links":{"self":[{"href":"https:\/\/linitiative.ca\/International\/wp-json\/wp\/v2\/posts\/110513","targetHints":{"allow":["GET"]}}],"collection":[{"href":"https:\/\/linitiative.ca\/International\/wp-json\/wp\/v2\/posts"}],"about":[{"href":"https:\/\/linitiative.ca\/International\/wp-json\/wp\/v2\/types\/post"}],"author":[{"embeddable":true,"href":"https:\/\/linitiative.ca\/International\/wp-json\/wp\/v2\/users\/1788"}],"replies":[{"embeddable":true,"href":"https:\/\/linitiative.ca\/International\/wp-json\/wp\/v2\/comments?post=110513"}],"version-history":[{"count":0,"href":"https:\/\/linitiative.ca\/International\/wp-json\/wp\/v2\/posts\/110513\/revisions"}],"wp:attachment":[{"href":"https:\/\/linitiative.ca\/International\/wp-json\/wp\/v2\/media?parent=110513"}],"wp:term":[{"taxonomy":"category","embeddable":true,"href":"https:\/\/linitiative.ca\/International\/wp-json\/wp\/v2\/categories?post=110513"},{"taxonomy":"post_tag","embeddable":true,"href":"https:\/\/linitiative.ca\/International\/wp-json\/wp\/v2\/tags?post=110513"}],"curies":[{"name":"wp","href":"https:\/\/api.w.org\/{rel}","templated":true}]}}