{"id":110515,"date":"2021-02-03T13:27:09","date_gmt":"2021-02-03T18:27:09","guid":{"rendered":"https:\/\/linitiative.ca\/International\/omt-la-tenue-de-lag-a-marrakech-temoigne-du-leadership-du-royaume\/"},"modified":"2021-02-03T13:27:09","modified_gmt":"2021-02-03T18:27:09","slug":"omt-la-tenue-de-lag-a-marrakech-temoigne-du-leadership-du-royaume","status":"publish","type":"post","link":"https:\/\/linitiative.ca\/International\/omt-la-tenue-de-lag-a-marrakech-temoigne-du-leadership-du-royaume\/","title":{"rendered":"OMT: La tenue de l\u2019AG \u00e0 Marrakech t\u00e9moigne du leadership du Royaume"},"content":{"rendered":"<div readability=\"39\">\n<p>La tenue de la 24\u00e8me session de l\u2019Assembl\u00e9e G\u00e9n\u00e9rale de l\u2019Organisation mondiale du tourisme (OMT) en octobre prochain \u00e0 Marrakech t\u00e9moigne du leadership du Maroc, a affirm\u00e9, mercredi \u00e0 Rabat, le secr\u00e9taire g\u00e9n\u00e9ral de l\u2019OMT, Zurab Pololikashvili, en visite officielle au Royaume.<\/p>\n<\/div>\n<div readability=\"76\">\n<p>S\u2019exprimant lors d\u2019un point de presse \u00e0 l\u2019issue d\u2019une entrevue avec le ministre des Affaires \u00e9trang\u00e8res, de la Coop\u00e9ration africaine et des Marocains r\u00e9sidant \u00e0 l\u2019\u00e9tranger, Nasser Bourita, le responsable onusien a soulign\u00e9 que sa visite est une occasion de discuter avec le gouvernement du Maroc de l\u2019avenir du tourisme dans le pays et des pr\u00e9paratifs pour l\u2019\u00e9t\u00e9 2021.<\/p>\n<p>Il s\u2019agit d\u2019un nouveau d\u00e9part, a-t-il poursuivi, r\u00e9it\u00e9rant le soutien de l\u2019OMT en faveur du Maroc surtout en ces temps tr\u00e8s difficiles, avec le lancement de projets int\u00e9ressants, tout en accordant une attention particuli\u00e8re \u00e0 l\u2019\u00e9ducation\/formation.<\/p>\n<p>Il a de m\u00eame soulign\u00e9 la n\u00e9cessit\u00e9 de soutenir le secteur priv\u00e9 qui a le plus souffert des graves r\u00e9percussions de la pand\u00e9mie, mettant l\u2019accent sur la n\u00e9cessit\u00e9 d\u2019accompagner les startups. \u00ab\u00a0Nous croyons vraiment que le Maroc a d\u2019\u00e9normes talents et que les entrepreneurs et les startups locaux doivent \u00eatre accompagn\u00e9s pour d\u00e9velopper et m\u00eame exporter leurs id\u00e9es\u00a0\u00bb, a-t-il dit.<\/p>\n<p>M. Pololikashvili a en outre relev\u00e9 que Marrakech va abriter la premi\u00e8re Assembl\u00e9e g\u00e9n\u00e9rale de l\u2019OMT apr\u00e8s les confinements impos\u00e9s de par le monde, ajoutant qu\u2019elle sera l\u2019occasion de r\u00e9unir nombre de ministres venant du monde entier et de discuter de l\u2019avenir du tourisme.<\/p>\n<p>Il est difficile de pr\u00e9voir la reprise du secteur, mais tout d\u00e9pend de l\u2019ouverture des fronti\u00e8res et de la lev\u00e9e des restrictions, a-t-il dit, esp\u00e9rant qu&rsquo;\u00a0\u00bben octobre prochain nous aurons une image plus claire du processus de vaccination d\u00e9j\u00e0 entam\u00e9 dans un certain nombre de pays pour ensuite planifier notre avenir et l\u2019avenir du tourisme\u00a0\u00bb.<\/p>\n<p>Le tourisme mondial a perdu 1.300 milliards de dollars en 2020, selon l\u2019OMT. Ce chiffre repr\u00e9sente \u00ab\u00a0plus de 11 fois la perte enregistr\u00e9e pendant la crise \u00e9conomique mondiale de 2009\u00a0\u00bb, et correspond \u00e0 une chute de 74% des arriv\u00e9es de touristes dans le monde par rapport \u00e0 2019.<\/p>\n<p>\u00ab\u00a02020 aura \u00e9t\u00e9 la pire ann\u00e9e de l\u2019histoire du tourisme avec 1 milliard d\u2019arriv\u00e9es internationales en moins par rapport \u00e0 2019\u201d, estime l\u2019agence onusienne bas\u00e9e \u00e0 Madrid.<\/p>\n<\/div>\n<p>Auteur: Meriem IGASS<br \/>\n<a href=\"http:\/\/www.mapmarrakech.ma\/fr\/la-tenue-de-lag-de-lomt-a-marrakech-temoigne-du-leadership-du-royaume\/\">Cliquez ici pour lire l&rsquo;article depuis sa source.<\/a><\/p>\n","protected":false},"excerpt":{"rendered":"<p>La tenue de la 24\u00e8me session de l\u2019Assembl\u00e9e G\u00e9n\u00e9rale de l\u2019Organisation mondiale du tourisme (OMT) en octobre prochain \u00e0 Marrakech t\u00e9moigne du leadership du Maroc, a affirm\u00e9, mercredi \u00e0 Rabat, le secr\u00e9taire g\u00e9n\u00e9ral de l\u2019OMT, Zurab Pololikashvili, en visite officielle au Royaume. S\u2019exprimant lors d\u2019un point de presse \u00e0 l\u2019issue d\u2019une entrevue avec le ministre [&hellip;]<\/p>\n","protected":false},"author":1788,"featured_media":0,"comment_status":"closed","ping_status":"closed","sticky":false,"template":"","format":"standard","meta":{"fifu_image_url":"","fifu_image_alt":"","footnotes":""},"categories":[54,76],"tags":[],"class_list":["post-110515","post","type-post","status-publish","format-standard","hentry","category-maroc","category-regions"],"_links":{"self":[{"href":"https:\/\/linitiative.ca\/International\/wp-json\/wp\/v2\/posts\/110515","targetHints":{"allow":["GET"]}}],"collection":[{"href":"https:\/\/linitiative.ca\/International\/wp-json\/wp\/v2\/posts"}],"about":[{"href":"https:\/\/linitiative.ca\/International\/wp-json\/wp\/v2\/types\/post"}],"author":[{"embeddable":true,"href":"https:\/\/linitiative.ca\/International\/wp-json\/wp\/v2\/users\/1788"}],"replies":[{"embeddable":true,"href":"https:\/\/linitiative.ca\/International\/wp-json\/wp\/v2\/comments?post=110515"}],"version-history":[{"count":0,"href":"https:\/\/linitiative.ca\/International\/wp-json\/wp\/v2\/posts\/110515\/revisions"}],"wp:attachment":[{"href":"https:\/\/linitiative.ca\/International\/wp-json\/wp\/v2\/media?parent=110515"}],"wp:term":[{"taxonomy":"category","embeddable":true,"href":"https:\/\/linitiative.ca\/International\/wp-json\/wp\/v2\/categories?post=110515"},{"taxonomy":"post_tag","embeddable":true,"href":"https:\/\/linitiative.ca\/International\/wp-json\/wp\/v2\/tags?post=110515"}],"curies":[{"name":"wp","href":"https:\/\/api.w.org\/{rel}","templated":true}]}}