{"id":110516,"date":"2021-02-03T13:55:09","date_gmt":"2021-02-03T18:55:09","guid":{"rendered":"https:\/\/linitiative.ca\/International\/lancement-par-lunesco-de-la-decennie-des-oceans-sar-la-princesse-lalla-hasnaa-rend-hommage-a-lengagement-personnel-et-actif-de-sm-le-roi-sur-les-questions-climatiques-et-environneme\/"},"modified":"2021-02-03T13:55:09","modified_gmt":"2021-02-03T18:55:09","slug":"lancement-par-lunesco-de-la-decennie-des-oceans-sar-la-princesse-lalla-hasnaa-rend-hommage-a-lengagement-personnel-et-actif-de-sm-le-roi-sur-les-questions-climatiques-et-environneme","status":"publish","type":"post","link":"https:\/\/linitiative.ca\/International\/lancement-par-lunesco-de-la-decennie-des-oceans-sar-la-princesse-lalla-hasnaa-rend-hommage-a-lengagement-personnel-et-actif-de-sm-le-roi-sur-les-questions-climatiques-et-environneme\/","title":{"rendered":"Lancement par l\u2019Unesco de la D\u00e9cennie des oc\u00e9ans: SAR La Princesse Lalla Hasnaa rend hommage \u00e0 l\u2019engagement personnel et actif de SM le Roi sur les questions climatiques et environnementales"},"content":{"rendered":"<div readability=\"41\">\n<p>SAR La Princesse Lalla Hasnaa, Pr\u00e9sidente de la Fondation Mohammed VI pour la Protection de l\u2019Environnement, a rendu hommage, mercredi, devant l\u2019Organisation des Nations Unies pour l\u2019\u00c9ducation, la Science et la Culture (Unesco), \u00e0 l\u2019engagement personnel et actif de SM le Roi Mohammed VI sur les questions climatiques et environnementales.<\/p>\n<\/div>\n<div readability=\"176\">\n<p>Dans une allocution par visioconf\u00e9rence \u00e0 l\u2019occasion d\u2019un \u00e9v\u00e9nement de haut niveau actant le lancement de la D\u00e9cennie des Nations unies pour les sciences oc\u00e9aniques au service du d\u00e9veloppement durable, SAR la Princesse Lalla Hasnaa s\u2019est f\u00e9licit\u00e9e de \u00abcette heureuse initiative \u00bb, coordonn\u00e9e par l\u2019Unesco, et qui \u00ab refl\u00e8te une prise de conscience du r\u00f4le des Oc\u00e9ans dans notre histoire, et de leur importance pour le pr\u00e9sent et le futur de l\u2019Humanit\u00e9 \u00bb.<\/p>\n<p>\u00ab Au Maroc, je suis bien plac\u00e9e pour t\u00e9moigner de l\u2019engagement personnel et actif de Sa Majest\u00e9 le Roi Mohammed VI, qui a pris l\u2019initiative de cr\u00e9er la Fondation que j\u2019ai l\u2019honneur de pr\u00e9sider, sur les questions climatiques et environnementales \u00bb, a indiqu\u00e9 SAR la Princesse Lalla Hasnaa, affirmant que \u00ab gr\u00e2ce au Leadership du Souverain, les \u00e9nergies renouvelables au Maroc constituent d\u00e9sormais une priorit\u00e9 essentielle \u00bb.<\/p>\n<p>\u00ab En tant qu\u2019h\u00f4te de la COP 22 de Marrakech, le Royaume a apport\u00e9 son appui d\u00e9terminant \u00e0 plusieurs initiatives, telle la \u00ab Ceinture Bleue \u00bb pour la p\u00eache et l\u2019aquaculture durable en Afrique \u00bb, a-t-elle ajout\u00e9.<\/p>\n<p>Apr\u00e8s avoir relev\u00e9 que le potentiel des richesses marines que rec\u00e8lent les oc\u00e9ans reste encore en grande partie inconnu, SAR la Princesse Lalla Hasnaa a affirm\u00e9 que les oc\u00e9ans constituent un v\u00e9ritable bien public commun \u00e0 l\u2019humanit\u00e9 qui requiert \u00ab une exploitation durable, responsable et \u00e9quitable \u00bb.<\/p>\n<p>\u00ab C\u2019est dans ce cadre que la d\u00e9cennie que nous lan\u00e7ons constitue une magnifique opportunit\u00e9 \u00bb, a affirm\u00e9 SAR la Princesse Lalla Hasnaa, soulignant que cette initiative apportera \u00ab les connaissances scientifiques de haut niveau dont nous avons besoin pour mieux prot\u00e9ger nos mers et l\u2019extraordinaire biodiversit\u00e9 qu\u2019elles abritent \u00bb.<\/p>\n<p>\u00ab Cette d\u00e9cennie permettra une solidarit\u00e9 scientifique mondiale dont notre continent, l\u2019Afrique, a grand besoin \u00bb, a affirm\u00e9 Son Altesse Royale.<\/p>\n<p>\u00ab Aussi, la Fondation Mohammed VI pour la Protection de l\u2019Environnement que je pr\u00e9side est \u00e0 la fois fi\u00e8re et enthousiaste de rejoindre l\u2019alliance de la D\u00e9cennie pour les Sciences oc\u00e9anographiques. Elle prendra tr\u00e8s \u00e0 c\u0153ur son r\u00f4le et sa responsabilit\u00e9 dans cette Alliance \u00bb, a affirm\u00e9 Son altesse Royale.<\/p>\n<p>SAR la Princesse Lalla Hasnaa a \u00e9galement indiqu\u00e9, qu\u2019\u00e0 titre personnel, elle \u00e9tait honor\u00e9e de parrainer cette Alliance et d\u2019\u0153uvrer, conjointement avec ses initiateurs, en faveur des mers et des oc\u00e9ans.<\/p>\n<p>\u00ab Le Maroc, par Mon humble voix, remercie les Nations Unies pour cette initiative, \u00e0 laquelle nous contribuerons activement \u00bb, a soulign\u00e9 SAR la Princesse Lalla Hasnaa.<\/p>\n<p>\u00ab Nous porterons avec vous cette D\u00e9cennie de savoir au service de nos Oc\u00e9ans\u2026 pour le pr\u00e9sent, et pour les g\u00e9n\u00e9rations futures \u00bb, a conclu Son Altesse Royale.<\/p>\n<p>L\u2019Unesco a c\u00e9l\u00e9br\u00e9, mercredi, le d\u00e9but de la D\u00e9cennie des Nations Unies pour les sciences oc\u00e9aniques au service du d\u00e9veloppement durable (D\u00e9cennie des oc\u00e9ans), avec un \u00e9v\u00e9nement de haut niveau.<\/p>\n<p>Organis\u00e9 par la Commission oc\u00e9anographique intergouvernementale de l\u2019Unesco, cet \u00e9v\u00e8nement de haute facture \u00ab A Brave New Ocean \u00bb (Un nouvel oc\u00e9an courageux), a r\u00e9uni des dirigeants mondiaux, des scientifiques, des philanthropes, des dirigeants des agences des Nations Unies et des personnalit\u00e9s sportives pour discuter des immenses d\u00e9fis et opportunit\u00e9s que l\u2019oc\u00e9an offre pour r\u00e9aliser le potentiel des Objectifs de d\u00e9veloppement durable et du r\u00f4le que la D\u00e9cennie de l\u2019Oc\u00e9an peut jouer pour relever ces d\u00e9fis !<\/p>\n<p>Inaugur\u00e9 par le Secr\u00e9taire g\u00e9n\u00e9ral de l\u2019ONU Ant\u00f3nio Guterres, la Directrice g\u00e9n\u00e9rale de l\u2019UNESCO Audrey Azoulay, le Prince Albert II de Monaco, le Pr\u00e9sident du Kenya Uhuru Kenyatta et la Premi\u00e8re ministre norv\u00e9gienne Erna Solberg, et cl\u00f4tur\u00e9 par le pr\u00e9sident du Portugal, Marcelo Rebelo de Sousa, cet \u00e9v\u00e8nement mondial a \u00e9t\u00e9 marqu\u00e9 par le lancement de l\u2019Ocean Decade Alliance \u00ab l\u2019Alliance de la D\u00e9cennie pour les sciences oc\u00e9aniques \u00bb, un r\u00e9seau d\u2019\u00e9minents partenaires de la D\u00e9cennie de l\u2019oc\u00e9an qui ont affirm\u00e9 leurs engagements envers l\u2019oc\u00e9an pour la d\u00e9cennie \u00e0 venir.<\/p>\n<p>L\u2019Alliance de la D\u00e9cennie est un m\u00e9canisme de mobilisation des ressources ax\u00e9 sur des engagements d\u2019envergure pris par des gouvernements, des entit\u00e9s des Nations Unies, des membres du secteur priv\u00e9, des fondations ou d\u2019autres soutiens \u00e0 la D\u00e9cennie.<\/p>\n<p>Cette Alliance n\u2019est pas un groupe de Fondations, mais des responsables politiques et environnementaux, dont seul un nombre restreint est invit\u00e9 \u00e0 en \u00eatre membres.<\/p>\n<p>Ils auront un r\u00f4le de conseil et de participation au dialogue strat\u00e9gique au Comit\u00e9 consultatif de la D\u00e9cennie, en vue de f\u00e9d\u00e9rer, engager et mobiliser les soutiens financiers ou en nature, identifier de nouveaux partenaires au niveau global r\u00e9gional et national indispensables au succ\u00e8s de la D\u00e9cennie.<\/p>\n<p>La D\u00e9cennie des oc\u00e9ans, qui a d\u00e9but\u00e9 le 1er janvier 2021, est une initiative mondiale visant \u00e0 approfondir les connaissances scientifiques sur la mer et \u00e0 prot\u00e9ger la sant\u00e9 de l\u2019oc\u00e9an.<\/p>\n<p>Son objectif est de soutenir la cr\u00e9ation des connaissances n\u00e9cessaires pour prot\u00e9ger la biodiversit\u00e9 et le r\u00f4le central de l\u2019oc\u00e9an dans la transition vers l\u2019utilisation durable et \u00e9quitable de ses ressources.<\/p>\n<p>Gr\u00e2ce \u00e0 une coop\u00e9ration internationale plus forte, la D\u00e9cennie de l\u2019oc\u00e9an renforcera la recherche scientifique et les technologies innovantes pour garantir que la science r\u00e9pond aux besoins de la soci\u00e9t\u00e9, dans le but d\u2019apporter des am\u00e9liorations substantielles d\u2019ici 2030 : Un oc\u00e9an propre o\u00f9 les sources de pollution sont identifi\u00e9es et \u00e9limin\u00e9es, Un oc\u00e9an sain et r\u00e9silient o\u00f9 les \u00e9cosyst\u00e8mes marins sont cartographi\u00e9s et prot\u00e9g\u00e9s, un oc\u00e9an pr\u00e9visible o\u00f9 la soci\u00e9t\u00e9 a la capacit\u00e9 de comprendre les conditions oc\u00e9aniques actuelles et futures, Un oc\u00e9an s\u00fbr o\u00f9 les gens sont prot\u00e9g\u00e9s des al\u00e9as oc\u00e9aniques, un oc\u00e9an r\u00e9colt\u00e9 durablement assurant l\u2019approvisionnement alimentaire, un oc\u00e9an accessible avec un acc\u00e8s ouvert aux donn\u00e9es, aux informations et aux technologies, et un oc\u00e9an inspirant et engageant que la soci\u00e9t\u00e9 comprend et valorise.<\/p>\n<\/div>\n<p>Auteur: Meriem IGASS<br \/>\n<a href=\"http:\/\/www.mapmarrakech.ma\/fr\/lancement-par-lunesco-de-la-decennie-des-oceans-sar-la-princesse-lalla-hasnaa-rend-hommage-a-lengagement-personnel-et-actif-de-sm-le-roi-sur-les-questions-climatiques-et-environnementales\/\">Cliquez ici pour lire l&rsquo;article depuis sa source.<\/a><\/p>\n","protected":false},"excerpt":{"rendered":"<p>SAR La Princesse Lalla Hasnaa, Pr\u00e9sidente de la Fondation Mohammed VI pour la Protection de l\u2019Environnement, a rendu hommage, mercredi, devant l\u2019Organisation des Nations Unies pour l\u2019\u00c9ducation, la Science et la Culture (Unesco), \u00e0 l\u2019engagement personnel et actif de SM le Roi Mohammed VI sur les questions climatiques et environnementales. Dans une allocution par visioconf\u00e9rence [&hellip;]<\/p>\n","protected":false},"author":1788,"featured_media":0,"comment_status":"closed","ping_status":"closed","sticky":false,"template":"","format":"standard","meta":{"fifu_image_url":"","fifu_image_alt":"","footnotes":""},"categories":[54,76],"tags":[],"class_list":["post-110516","post","type-post","status-publish","format-standard","hentry","category-maroc","category-regions"],"_links":{"self":[{"href":"https:\/\/linitiative.ca\/International\/wp-json\/wp\/v2\/posts\/110516","targetHints":{"allow":["GET"]}}],"collection":[{"href":"https:\/\/linitiative.ca\/International\/wp-json\/wp\/v2\/posts"}],"about":[{"href":"https:\/\/linitiative.ca\/International\/wp-json\/wp\/v2\/types\/post"}],"author":[{"embeddable":true,"href":"https:\/\/linitiative.ca\/International\/wp-json\/wp\/v2\/users\/1788"}],"replies":[{"embeddable":true,"href":"https:\/\/linitiative.ca\/International\/wp-json\/wp\/v2\/comments?post=110516"}],"version-history":[{"count":0,"href":"https:\/\/linitiative.ca\/International\/wp-json\/wp\/v2\/posts\/110516\/revisions"}],"wp:attachment":[{"href":"https:\/\/linitiative.ca\/International\/wp-json\/wp\/v2\/media?parent=110516"}],"wp:term":[{"taxonomy":"category","embeddable":true,"href":"https:\/\/linitiative.ca\/International\/wp-json\/wp\/v2\/categories?post=110516"},{"taxonomy":"post_tag","embeddable":true,"href":"https:\/\/linitiative.ca\/International\/wp-json\/wp\/v2\/tags?post=110516"}],"curies":[{"name":"wp","href":"https:\/\/api.w.org\/{rel}","templated":true}]}}