{"id":110517,"date":"2021-02-03T12:55:20","date_gmt":"2021-02-03T17:55:20","guid":{"rendered":"https:\/\/linitiative.ca\/International\/grande-adhesion-du-personnel-de-lenseignement-a-la-campagne-de-vaccination\/"},"modified":"2021-02-03T12:55:20","modified_gmt":"2021-02-03T17:55:20","slug":"grande-adhesion-du-personnel-de-lenseignement-a-la-campagne-de-vaccination","status":"publish","type":"post","link":"https:\/\/linitiative.ca\/International\/grande-adhesion-du-personnel-de-lenseignement-a-la-campagne-de-vaccination\/","title":{"rendered":"Grande adh\u00e9sion du personnel de l\u2019enseignement \u00e0 la campagne de vaccination"},"content":{"rendered":"<p class=\"c4\">La campagne de vaccination contre le nouveau coronavirus (Covid-19) du personnel de l\u2019Education nationale au niveau de la pr\u00e9fecture d\u2019Oujda-Angad conna\u00eet une grande adh\u00e9sion des cadres p\u00e9dagogiques, administratifs et techniques \u00e2g\u00e9s de 45 ans et plus.<\/p>\n<p class=\"c4\">Lors de cette op\u00e9ration, qui a d\u00e9marr\u00e9 lundi dernier et qui se poursuivra jusqu\u2019au 8 f\u00e9vrier courant, quelque 3.613 membres de la famille de l\u2019enseignement vont recevoir la premi\u00e8re dose du vaccin.<\/p>\n<p class=\"c4\">Les cadres et les employ\u00e9s qui vont b\u00e9n\u00e9ficier de la premi\u00e8re phase de cette vaste campagne de vaccination, conform\u00e9ment aux crit\u00e8res \u00e9tablis par le minist\u00e8re de la Sant\u00e9, sont r\u00e9partis entre 173 \u00e9tablissements d\u2019enseignement public, tous cycles confondus, et 87 \u00e9tablissements du priv\u00e9.<\/p>\n<p class=\"c4\">Deux centres de vaccination ont \u00e9t\u00e9 am\u00e9nag\u00e9s pour cette op\u00e9ration \u00e0 laquelle ont \u00e9t\u00e9 mobilis\u00e9s, dans le cadre d\u2019une parfaite coordination entre les autorit\u00e9s locales et sanitaires, tous les moyens humains et logistiques \u00e0 m\u00eame d\u2019assurer son bon d\u00e9roulement.<\/p>\n<p class=\"c4\">Au centre de vaccination Ibn Khaldoun, des membres du personnel de la sant\u00e9 ainsi que des b\u00e9n\u00e9ficiaires ont \u00e9t\u00e9 unanimes \u00e0 souligner, dans des d\u00e9clarations \u00e0 la MAP, le bon de d\u00e9roulement de cette op\u00e9ration et le strict respect des mesures pr\u00e9ventives en vigueur pour enrayer la propagation du virus.<\/p>\n<p class=\"c4\">L\u2019organisation et l\u2019accueil dans ce centre sont parfaits et l\u2019op\u00e9ration de vaccination se d\u00e9roule dans un esprit de responsabilit\u00e9 et de forte mobilisation des diff\u00e9rents intervenants, a indiqu\u00e9 Chtougui Ammar, cadre enseignant dans un lyc\u00e9e.<\/p>\n<p><img class=\"size-full wp-image-25169 aligncenter\" data-src=\"http:\/\/www.mapoujda.ma\/map\/uploads\/2021\/02\/La-famille-de-lenseignement-adh&#xE8;re-&#xE0;-lop&#xE9;ration-de-vaccination-750&#xD7;430-MAPOUJDA-e1612374898747.jpg\" alt=\"\" width=\"576\" height=\"330\"\/><\/p>\n<p class=\"c4\">\u2019\u2019Je viens de recevoir ma premi\u00e8re dose du vaccin et je remercie l\u2019ensemble des personnes qui veillent avec professionnalisme au bon d\u00e9roulement de cette op\u00e9ration\u2019\u2019, a-t-il dit, appelant les citoyens \u00e0 adh\u00e9rer massivement \u00e0 cette campagne nationale de vaccination contre la Covid-19 afin de stopper cette \u00e9pid\u00e9mie et ses effets n\u00e9gatifs.<\/p>\n<p class=\"c4\">De son c\u00f4t\u00e9, la responsable du centre de vaccination, Bendali Meryem, a relev\u00e9 que tous les moyens humains et logistiques sont mis en place pour le d\u00e9roulement de cette op\u00e9ration de mani\u00e8re fluide et r\u00e9ussie, et ce dans le respect total des mesures pr\u00e9ventives d\u00e9cr\u00e9t\u00e9es par les autorit\u00e9s comp\u00e9tentes dans l\u2019objectif d\u2019endiguer la propagation du virus, notamment le port du masque et la distanciation physique.<\/p>\n<p class=\"c4\">Elle a mis l\u2019accent \u00e0 cette occasion sur l\u2019importance de la participation des citoyens \u00e0 cette campagne d\u2019envergure dans la perspective d\u2019un retour progressif \u00e0 une vie normale.<\/p>\n<p class=\"c4\">Au niveau de la r\u00e9gion de l\u2019Oriental, 9.815 membres de la famille de l\u2019\u00e9ducation et de la formation vont b\u00e9n\u00e9ficier de la vaccination lors de la premi\u00e8re phase de la campagne. Ils sont r\u00e9partis entre les Directions provinciales d\u2019Oujda-Angad (3613), Taourirt (852), Jerada (494), Figuig (468), Nador (1881), Driouch (399), Guercif (751) et Berkane (1357).<\/p>\n<p class=\"c4\">Conform\u00e9ment aux Hautes Instructions Royales, la campagne de vaccination sera gratuite pour l\u2019ensemble des citoyens, l\u2019objectif \u00e9tant d\u2019immuniser toutes les composantes du peuple marocain (30 millions pour vacciner \u00e0 peu pr\u00e8s 80% de la population), de r\u00e9duire puis \u00e9liminer les cas de contamination et de d\u00e9c\u00e8s dus \u00e0 l\u2019\u00e9pid\u00e9mie, et de contenir la propagation du virus, dans la perspective d\u2019un retour progressif \u00e0 une vie normale.<\/p>\n<p class=\"c4\">Cette campagne se d\u00e9roulera ainsi de fa\u00e7on progressive et par tranches et b\u00e9n\u00e9ficiera \u00e0 l\u2019ensemble des citoyens marocains et r\u00e9sidents de plus de 17 ans.<\/p>\n<p>Auteur: Soufiane ELAHMAR<br \/>\n<a href=\"http:\/\/www.mapoujda.ma\/fr\/grande-adhesion-du-personnel-de-lenseignement-a-la-campagne-de-vaccination\/\">Cliquez ici pour lire l&rsquo;article depuis sa source.<\/a><\/p>\n","protected":false},"excerpt":{"rendered":"<p>La campagne de vaccination contre le nouveau coronavirus (Covid-19) du personnel de l\u2019Education nationale au niveau de la pr\u00e9fecture d\u2019Oujda-Angad conna\u00eet une grande adh\u00e9sion des cadres p\u00e9dagogiques, administratifs et techniques \u00e2g\u00e9s de 45 ans et plus. Lors de cette op\u00e9ration, qui a d\u00e9marr\u00e9 lundi dernier et qui se poursuivra jusqu\u2019au 8 f\u00e9vrier courant, quelque 3.613 [&hellip;]<\/p>\n","protected":false},"author":1788,"featured_media":0,"comment_status":"closed","ping_status":"closed","sticky":false,"template":"","format":"standard","meta":{"fifu_image_url":"http:\/\/www.mapoujda.ma\/map\/uploads\/2021\/02\/La-famille-de-lenseignement-adh\u00e8re-\u00e0-lop\u00e9ration-de-vaccination-750\u00d7430-MAPOUJDA-e1612374898747.jpg","fifu_image_alt":"Grande adh\u00e9sion du personnel de l\u2019enseignement \u00e0 la campagne de vaccination","footnotes":""},"categories":[54,76],"tags":[],"class_list":["post-110517","post","type-post","status-publish","format-standard","hentry","category-maroc","category-regions"],"_links":{"self":[{"href":"https:\/\/linitiative.ca\/International\/wp-json\/wp\/v2\/posts\/110517","targetHints":{"allow":["GET"]}}],"collection":[{"href":"https:\/\/linitiative.ca\/International\/wp-json\/wp\/v2\/posts"}],"about":[{"href":"https:\/\/linitiative.ca\/International\/wp-json\/wp\/v2\/types\/post"}],"author":[{"embeddable":true,"href":"https:\/\/linitiative.ca\/International\/wp-json\/wp\/v2\/users\/1788"}],"replies":[{"embeddable":true,"href":"https:\/\/linitiative.ca\/International\/wp-json\/wp\/v2\/comments?post=110517"}],"version-history":[{"count":0,"href":"https:\/\/linitiative.ca\/International\/wp-json\/wp\/v2\/posts\/110517\/revisions"}],"wp:attachment":[{"href":"https:\/\/linitiative.ca\/International\/wp-json\/wp\/v2\/media?parent=110517"}],"wp:term":[{"taxonomy":"category","embeddable":true,"href":"https:\/\/linitiative.ca\/International\/wp-json\/wp\/v2\/categories?post=110517"},{"taxonomy":"post_tag","embeddable":true,"href":"https:\/\/linitiative.ca\/International\/wp-json\/wp\/v2\/tags?post=110517"}],"curies":[{"name":"wp","href":"https:\/\/api.w.org\/{rel}","templated":true}]}}