{"id":110518,"date":"2021-02-02T11:20:13","date_gmt":"2021-02-02T16:20:13","guid":{"rendered":"https:\/\/linitiative.ca\/International\/sebta-croule-sous-la-pression-de-la-covid\/"},"modified":"2021-02-02T11:20:13","modified_gmt":"2021-02-02T16:20:13","slug":"sebta-croule-sous-la-pression-de-la-covid","status":"publish","type":"post","link":"https:\/\/linitiative.ca\/International\/sebta-croule-sous-la-pression-de-la-covid\/","title":{"rendered":"Sebta croule sous la pression de la Covid"},"content":{"rendered":"<p>Situation de crise \u00e0 Sebta. Le d\u00e9veloppement galopant de la pand\u00e9mie de la Covid a oblig\u00e9 les autorit\u00e9s de la ville \u00e0 recourir aux grands moyens. En plus de d\u00e9cr\u00e9ter la suspension de ses connexions avec l\u2019Espagne (la fronti\u00e8re avec le Maroc \u00e9tant ferm\u00e9e depuis mars 2020) sauf en cas d\u2019imp\u00e9rieuse n\u00e9cessit\u00e9 d\u00fbment document\u00e9e, la ville vient d\u2019annoncer la mise en place d\u2019un couvre-feu de 22h00 \u00e0 06h00 du matin&#8230;<\/p>\n<div readability=\"18.212311557789\">\n<h4>Ch\u00e8re lectrice, cher lecteur,<\/h4>\n<p class=\"rtejustify\"> L&rsquo;article auquel vous tentez d&rsquo;acc\u00e9der est r\u00e9serv\u00e9 \u00e0 la communaut\u00e9 des grands lecteurs de L&rsquo;Economiste. Nous vous invitons \u00e0 vous connecter \u00e0 l&rsquo;aide de vos identifiants pour le consulter. <br \/>Si vous n&rsquo;avez pas encore de compte, vous pouvez souscrire \u00e0 L&rsquo;Abonnement afin d&rsquo;acc\u00e9der \u00e0 l&rsquo;int\u00e9gralit\u00e9 de notre contenu et de profiter de nombreux autres avantages.<\/p>\n<p><a class=\"abonnement_1\" href=\"\/abonnement\">ABONNEZ-VOUS<\/a><\/p>\n<p>Vous \u00eates d\u00e9j\u00e0 abonn\u00e9 \u00e0 L&rsquo;Economiste mais vous n&rsquo;avez pas re\u00e7u vos identifiants?<br \/>Contactez-nous \u00e0 l\u2019adresse <span class=\"__cf_email__\" data-cfemail=\"b2d3d0dddcdcd7dfd7dcc6f2ded7d1dddcdddfdbc1c6d79cd1dddf\">[email\u00a0protected]<\/span> pour les recevoir en indiquant: nom, pr\u00e9nom, email, entreprise, fonction et num\u00e9ro de t\u00e9l\u00e9phone.<\/p>\n<\/div>\n<p>Auteur: hlafriqi<br \/>\n<a href=\"https:\/\/www.leconomiste.com\/article\/1072776-sebta-croule-sous-la-pression-de-la-covid\">Cliquez ici pour lire l&rsquo;article depuis sa source.<\/a><\/p>\n","protected":false},"excerpt":{"rendered":"<p>Situation de crise \u00e0 Sebta. Le d\u00e9veloppement galopant de la pand\u00e9mie de la Covid a oblig\u00e9 les autorit\u00e9s de la ville \u00e0 recourir aux grands moyens. En plus de d\u00e9cr\u00e9ter la suspension de ses connexions avec l\u2019Espagne (la fronti\u00e8re avec le Maroc \u00e9tant ferm\u00e9e depuis mars 2020) sauf en cas d\u2019imp\u00e9rieuse n\u00e9cessit\u00e9 d\u00fbment document\u00e9e, la [&hellip;]<\/p>\n","protected":false},"author":1763,"featured_media":0,"comment_status":"closed","ping_status":"closed","sticky":false,"template":"","format":"standard","meta":{"fifu_image_url":"","fifu_image_alt":"","footnotes":""},"categories":[78,54],"tags":[],"class_list":["post-110518","post","type-post","status-publish","format-standard","hentry","category-economie","category-maroc"],"_links":{"self":[{"href":"https:\/\/linitiative.ca\/International\/wp-json\/wp\/v2\/posts\/110518","targetHints":{"allow":["GET"]}}],"collection":[{"href":"https:\/\/linitiative.ca\/International\/wp-json\/wp\/v2\/posts"}],"about":[{"href":"https:\/\/linitiative.ca\/International\/wp-json\/wp\/v2\/types\/post"}],"author":[{"embeddable":true,"href":"https:\/\/linitiative.ca\/International\/wp-json\/wp\/v2\/users\/1763"}],"replies":[{"embeddable":true,"href":"https:\/\/linitiative.ca\/International\/wp-json\/wp\/v2\/comments?post=110518"}],"version-history":[{"count":0,"href":"https:\/\/linitiative.ca\/International\/wp-json\/wp\/v2\/posts\/110518\/revisions"}],"wp:attachment":[{"href":"https:\/\/linitiative.ca\/International\/wp-json\/wp\/v2\/media?parent=110518"}],"wp:term":[{"taxonomy":"category","embeddable":true,"href":"https:\/\/linitiative.ca\/International\/wp-json\/wp\/v2\/categories?post=110518"},{"taxonomy":"post_tag","embeddable":true,"href":"https:\/\/linitiative.ca\/International\/wp-json\/wp\/v2\/tags?post=110518"}],"curies":[{"name":"wp","href":"https:\/\/api.w.org\/{rel}","templated":true}]}}