{"id":110519,"date":"2021-02-02T11:24:43","date_gmt":"2021-02-02T16:24:43","guid":{"rendered":"https:\/\/linitiative.ca\/International\/acces-a-linformation-premier-test-pour-une-loi-applicable-depuis-2020\/"},"modified":"2021-02-02T11:24:43","modified_gmt":"2021-02-02T16:24:43","slug":"acces-a-linformation-premier-test-pour-une-loi-applicable-depuis-2020","status":"publish","type":"post","link":"https:\/\/linitiative.ca\/International\/acces-a-linformation-premier-test-pour-une-loi-applicable-depuis-2020\/","title":{"rendered":"Acc\u00e8s \u00e0 l\u2019information: Premier test pour une loi applicable depuis 2020"},"content":{"rendered":"<p>La loi sur le droit d\u2019acc\u00e8s \u00e0 l\u2019information f\u00eate son premier anniversaire le 12 mars 2021. La Commission (CDAI) en charge de la faire respecter pr\u00e9pare un bilan. Le tableau est loin d\u2019\u00eatre rose pour beaucoup de d\u00e9partements gouvernementaux. Le discours officiel sur la digitalisation tranche avec leur r\u00e9sistance ent\u00eat\u00e9e \u00e0 l\u2019Open Data. Les citoyens et leur droit demeurent victimes de la r\u00e9tention d\u2019information. La consultation d\u2019un certain nombre de sites publics r\u00e9v\u00e8le un rachitisme informationnel \u00e9pid\u00e9mique. L\u2019Open Data est pourtant un indicateur de la d\u00e9mocratie. o<\/p>\n<div readability=\"18.212311557789\">\n<h4>Ch\u00e8re lectrice, cher lecteur,<\/h4>\n<p class=\"rtejustify\"> L&rsquo;article auquel vous tentez d&rsquo;acc\u00e9der est r\u00e9serv\u00e9 \u00e0 la communaut\u00e9 des grands lecteurs de L&rsquo;Economiste. Nous vous invitons \u00e0 vous connecter \u00e0 l&rsquo;aide de vos identifiants pour le consulter. <br \/>Si vous n&rsquo;avez pas encore de compte, vous pouvez souscrire \u00e0 L&rsquo;Abonnement afin d&rsquo;acc\u00e9der \u00e0 l&rsquo;int\u00e9gralit\u00e9 de notre contenu et de profiter de nombreux autres avantages.<\/p>\n<p><a class=\"abonnement_1\" href=\"\/abonnement\">ABONNEZ-VOUS<\/a><\/p>\n<p>Vous \u00eates d\u00e9j\u00e0 abonn\u00e9 \u00e0 L&rsquo;Economiste mais vous n&rsquo;avez pas re\u00e7u vos identifiants?<br \/>Contactez-nous \u00e0 l\u2019adresse <span class=\"__cf_email__\" data-cfemail=\"48292a2726262d252d263c08242d2b27262725213b3c2d662b2725\">[email\u00a0protected]<\/span> pour les recevoir en indiquant: nom, pr\u00e9nom, email, entreprise, fonction et num\u00e9ro de t\u00e9l\u00e9phone.<\/p>\n<\/div>\n<p>Auteur: hlafriqi<br \/>\n<a href=\"https:\/\/www.leconomiste.com\/article\/1072777-acces-l-information-premier-test-pour-une-loi-applicable-depuis-2020\">Cliquez ici pour lire l&rsquo;article depuis sa source.<\/a><\/p>\n","protected":false},"excerpt":{"rendered":"<p>La loi sur le droit d\u2019acc\u00e8s \u00e0 l\u2019information f\u00eate son premier anniversaire le 12 mars 2021. La Commission (CDAI) en charge de la faire respecter pr\u00e9pare un bilan. Le tableau est loin d\u2019\u00eatre rose pour beaucoup de d\u00e9partements gouvernementaux. Le discours officiel sur la digitalisation tranche avec leur r\u00e9sistance ent\u00eat\u00e9e \u00e0 l\u2019Open Data. Les citoyens [&hellip;]<\/p>\n","protected":false},"author":1763,"featured_media":0,"comment_status":"closed","ping_status":"closed","sticky":false,"template":"","format":"standard","meta":{"fifu_image_url":"","fifu_image_alt":"","footnotes":""},"categories":[78,54],"tags":[],"class_list":["post-110519","post","type-post","status-publish","format-standard","hentry","category-economie","category-maroc"],"_links":{"self":[{"href":"https:\/\/linitiative.ca\/International\/wp-json\/wp\/v2\/posts\/110519","targetHints":{"allow":["GET"]}}],"collection":[{"href":"https:\/\/linitiative.ca\/International\/wp-json\/wp\/v2\/posts"}],"about":[{"href":"https:\/\/linitiative.ca\/International\/wp-json\/wp\/v2\/types\/post"}],"author":[{"embeddable":true,"href":"https:\/\/linitiative.ca\/International\/wp-json\/wp\/v2\/users\/1763"}],"replies":[{"embeddable":true,"href":"https:\/\/linitiative.ca\/International\/wp-json\/wp\/v2\/comments?post=110519"}],"version-history":[{"count":0,"href":"https:\/\/linitiative.ca\/International\/wp-json\/wp\/v2\/posts\/110519\/revisions"}],"wp:attachment":[{"href":"https:\/\/linitiative.ca\/International\/wp-json\/wp\/v2\/media?parent=110519"}],"wp:term":[{"taxonomy":"category","embeddable":true,"href":"https:\/\/linitiative.ca\/International\/wp-json\/wp\/v2\/categories?post=110519"},{"taxonomy":"post_tag","embeddable":true,"href":"https:\/\/linitiative.ca\/International\/wp-json\/wp\/v2\/tags?post=110519"}],"curies":[{"name":"wp","href":"https:\/\/api.w.org\/{rel}","templated":true}]}}