{"id":110520,"date":"2021-02-02T11:32:32","date_gmt":"2021-02-02T16:32:32","guid":{"rendered":"https:\/\/linitiative.ca\/International\/tourisme-impots-les-couloirs-damnistie-existent\/"},"modified":"2021-02-02T11:32:32","modified_gmt":"2021-02-02T16:32:32","slug":"tourisme-impots-les-couloirs-damnistie-existent","status":"publish","type":"post","link":"https:\/\/linitiative.ca\/International\/tourisme-impots-les-couloirs-damnistie-existent\/","title":{"rendered":"Tourisme\/Imp\u00f4ts: Les couloirs d\u2019amnistie existent"},"content":{"rendered":"<p class=\"legend\">Le fisc se montrera cl\u00e9ment vis-\u00e0-vis des op\u00e9rateurs du tou\u00adrisme. Lors de sa rencontre avec les membres de la CGEM, Khalad Zazou, directeur g\u00e9n\u00e9ral des Im\u00adp\u00f4ts par int\u00e9rim, a d\u00e9clar\u00e9: \u00abNous sommes conscients des difficult\u00e9s que conna\u00eet un secteur aussi vital que le tourisme, qui rapporte des devises et emploie beaucoup de Ma\u00adrocains. C\u2019est une courroie de trans\u00admission qui fait travailler d\u2019autres producteurs\u00bb&#8230;<\/p>\n<div class=\"authen\" readability=\"18.212311557789\">\n<h4>Ch\u00e8re lectrice, cher lecteur,<\/h4>\n<p class=\"rtejustify\"> L&rsquo;article auquel vous tentez d&rsquo;acc\u00e9der est r\u00e9serv\u00e9 \u00e0 la communaut\u00e9 des grands lecteurs de L&rsquo;Economiste. Nous vous invitons \u00e0 vous connecter \u00e0 l&rsquo;aide de vos identifiants pour le consulter. <br \/>Si vous n&rsquo;avez pas encore de compte, vous pouvez souscrire \u00e0 L&rsquo;Abonnement afin d&rsquo;acc\u00e9der \u00e0 l&rsquo;int\u00e9gralit\u00e9 de notre contenu et de profiter de nombreux autres avantages.<\/p>\n<p><a class=\"abonnement_1\" href=\"\/abonnement\">ABONNEZ-VOUS<\/a><\/p>\n<p>Vous \u00eates d\u00e9j\u00e0 abonn\u00e9 \u00e0 L&rsquo;Economiste mais vous n&rsquo;avez pas re\u00e7u vos identifiants?<br \/>Contactez-nous \u00e0 l\u2019adresse <span class=\"__cf_email__\" data-cfemail=\"6f0e0d0001010a020a011b2f030a0c00010002061c1b0a410c0002\">[email\u00a0protected]<\/span> pour les recevoir en indiquant: nom, pr\u00e9nom, email, entreprise, fonction et num\u00e9ro de t\u00e9l\u00e9phone.<\/p>\n<\/div>\n<div class=\"eco-conseil\">\n<div class=\"view view-eco-conseil-16 view-id-eco_conseil_16 view-display-id-cookies view-dom-id-79496f468e2c3227cc1e26934dd4a1fb\" readability=\"6\">\n<div class=\"view-header\" readability=\"7\">\n<p><h2><span> Retrouvez dans la m\u00eame rubrique<\/span><\/h2>\n<\/p>\n<\/div>\n<div class=\"view-content\">\n<div id=\"views-bootstrap-grid-1\" class=\"views-bootstrap-grid-plugin-style\">\n<div class=\"row\">\n<div class=\" col-xs-12 col-lg-4\">\n<div class=\"row\">\n<div class=\"col col-xs-12 col-lg-12\">\n<div class=\"field-content\"><a href=\"\/article\/1072779-l-indemnite-covid-19-de-decembre-se-fait-attendre\"><img loading=\"lazy\" decoding=\"async\" class=\"img-responsive\" typeof=\"foaf:Image\" src=\"https:\/\/www.leconomiste.com\/sites\/default\/files\/eco7\/public\/styles\/800x400\/public\/tourisme-039.jpg?itok=0jj7_ggm\" width=\"660\" height=\"330\" alt=\"L\u2019indemnit\u00e9 Covid-19 de d\u00e9cembre se fait attendre\"\/><\/a><\/div>\n<\/div>\n<div class=\" title_suite_2 col col-xs-12 col-lg-12\"> <a href=\"\/article\/1072779-l-indemnite-covid-19-de-decembre-se-fait-attendre\"\/><span class=\"field-content\">L\u2019indemnit\u00e9 Covid-19 de d\u00e9cembre se fait attendre<\/span><\/div>\n<\/div>\n<\/div>\n<div class=\" col-xs-12 col-lg-4\">\n<div class=\"row\">\n<div class=\"col col-xs-12 col-lg-12\">\n<div class=\"field-content\"><a href=\"\/article\/1072774-production-nationale-el-othmani-veut-tirer-les-lecons-de-la-pandemie\"><img loading=\"lazy\" decoding=\"async\" class=\"img-responsive\" typeof=\"foaf:Image\" src=\"https:\/\/www.leconomiste.com\/sites\/default\/files\/eco7\/public\/styles\/800x400\/public\/automobile-039.jpg?itok=wyRp_Hj9\" width=\"660\" height=\"330\" alt=\"Production nationale: El Othmani veut tirer les le\u00e7ons de la pand\u00e9mie\"\/><\/a><\/div>\n<\/div>\n<div class=\" title_suite_2 col col-xs-12 col-lg-12\"> <a href=\"\/article\/1072774-production-nationale-el-othmani-veut-tirer-les-lecons-de-la-pandemie\"\/><span class=\"field-content\">Production nationale: El Othmani veut tirer les le\u00e7ons de la pand\u00e9mie<\/span><\/div>\n<\/div>\n<\/div>\n<div class=\" col-xs-12 col-lg-4\">\n<div class=\"row\">\n<div class=\"col col-xs-12 col-lg-12\">\n<div class=\"field-content\"><a href=\"\/article\/1072760-forets-du-maroc-premier-projet-lance-khenifra\"><img loading=\"lazy\" decoding=\"async\" class=\"img-responsive\" typeof=\"foaf:Image\" src=\"https:\/\/www.leconomiste.com\/sites\/default\/files\/eco7\/public\/styles\/800x400\/public\/forets-du-maroc-039.jpg?itok=rYbsS0qf\" width=\"660\" height=\"330\" alt=\"For\u00eats du Maroc: Premier projet lanc\u00e9 \u00e0 Kh\u00e9nifra\"\/><\/a><\/div>\n<\/div>\n<div class=\" title_suite_2 col col-xs-12 col-lg-12\"> <a href=\"\/article\/1072760-forets-du-maroc-premier-projet-lance-khenifra\"\/><span class=\"field-content\">For\u00eats du Maroc: Premier projet lanc\u00e9 \u00e0 Kh\u00e9nifra<\/span><\/div>\n<\/div>\n<\/div>\n<\/div>\n<\/div>\n<\/div>\n<\/div>\n<\/div>\n<p>Auteur: hlafriqi<br \/>\n<a href=\"https:\/\/www.leconomiste.com\/article\/1072778-tourisme-impots-les-couloirs-d-amnistie-existent\">Cliquez ici pour lire l&rsquo;article depuis sa source.<\/a><\/p>\n","protected":false},"excerpt":{"rendered":"<p>Le fisc se montrera cl\u00e9ment vis-\u00e0-vis des op\u00e9rateurs du tou\u00adrisme. Lors de sa rencontre avec les membres de la CGEM, Khalad Zazou, directeur g\u00e9n\u00e9ral des Im\u00adp\u00f4ts par int\u00e9rim, a d\u00e9clar\u00e9: \u00abNous sommes conscients des difficult\u00e9s que conna\u00eet un secteur aussi vital que le tourisme, qui rapporte des devises et emploie beaucoup de Ma\u00adrocains. C\u2019est une [&hellip;]<\/p>\n","protected":false},"author":1763,"featured_media":0,"comment_status":"closed","ping_status":"closed","sticky":false,"template":"","format":"standard","meta":{"fifu_image_url":"https:\/\/www.leconomiste.com\/sites\/default\/files\/eco7\/public\/styles\/800x400\/public\/tourisme-039.jpg?itok=0jj7_ggm","fifu_image_alt":"Tourisme\/Imp\u00f4ts: Les couloirs d\u2019amnistie existent","footnotes":""},"categories":[78,54],"tags":[],"class_list":["post-110520","post","type-post","status-publish","format-standard","hentry","category-economie","category-maroc"],"_links":{"self":[{"href":"https:\/\/linitiative.ca\/International\/wp-json\/wp\/v2\/posts\/110520","targetHints":{"allow":["GET"]}}],"collection":[{"href":"https:\/\/linitiative.ca\/International\/wp-json\/wp\/v2\/posts"}],"about":[{"href":"https:\/\/linitiative.ca\/International\/wp-json\/wp\/v2\/types\/post"}],"author":[{"embeddable":true,"href":"https:\/\/linitiative.ca\/International\/wp-json\/wp\/v2\/users\/1763"}],"replies":[{"embeddable":true,"href":"https:\/\/linitiative.ca\/International\/wp-json\/wp\/v2\/comments?post=110520"}],"version-history":[{"count":0,"href":"https:\/\/linitiative.ca\/International\/wp-json\/wp\/v2\/posts\/110520\/revisions"}],"wp:attachment":[{"href":"https:\/\/linitiative.ca\/International\/wp-json\/wp\/v2\/media?parent=110520"}],"wp:term":[{"taxonomy":"category","embeddable":true,"href":"https:\/\/linitiative.ca\/International\/wp-json\/wp\/v2\/categories?post=110520"},{"taxonomy":"post_tag","embeddable":true,"href":"https:\/\/linitiative.ca\/International\/wp-json\/wp\/v2\/tags?post=110520"}],"curies":[{"name":"wp","href":"https:\/\/api.w.org\/{rel}","templated":true}]}}