{"id":110521,"date":"2021-02-02T11:34:52","date_gmt":"2021-02-02T16:34:52","guid":{"rendered":"https:\/\/linitiative.ca\/International\/lindemnite-covid-19-de-decembre-se-fait-attendre\/"},"modified":"2021-02-02T11:34:52","modified_gmt":"2021-02-02T16:34:52","slug":"lindemnite-covid-19-de-decembre-se-fait-attendre","status":"publish","type":"post","link":"https:\/\/linitiative.ca\/International\/lindemnite-covid-19-de-decembre-se-fait-attendre\/","title":{"rendered":"L\u2019indemnit\u00e9 Covid-19 de d\u00e9cembre se fait attendre"},"content":{"rendered":"<p>Les entreprises touristiques s\u2019interrogent sur la date de ver\u00adsement de l\u2019indemnit\u00e9 forfaitaire Covid-19 au profit de leurs salari\u00e9s pour le mois de d\u00e9cembre et sui\u00advants. Selon nos informations, les entreprises du secteur ont proc\u00e9d\u00e9 \u00e0 la d\u00e9claration de leurs salari\u00e9s en arr\u00eat temporaire pour b\u00e9n\u00e9ficier de cette indemnit\u00e9 au titre du mois de d\u00e9cembre. Mais celle-ci n\u2019a tou\u00adjours pas \u00e9t\u00e9 vers\u00e9e&#8230;<\/p>\n<div readability=\"18.212311557789\">\n<h4>Ch\u00e8re lectrice, cher lecteur,<\/h4>\n<p class=\"rtejustify\"> L&rsquo;article auquel vous tentez d&rsquo;acc\u00e9der est r\u00e9serv\u00e9 \u00e0 la communaut\u00e9 des grands lecteurs de L&rsquo;Economiste. Nous vous invitons \u00e0 vous connecter \u00e0 l&rsquo;aide de vos identifiants pour le consulter. <br \/>Si vous n&rsquo;avez pas encore de compte, vous pouvez souscrire \u00e0 L&rsquo;Abonnement afin d&rsquo;acc\u00e9der \u00e0 l&rsquo;int\u00e9gralit\u00e9 de notre contenu et de profiter de nombreux autres avantages.<\/p>\n<p><a class=\"abonnement_1\" href=\"\/abonnement\">ABONNEZ-VOUS<\/a><\/p>\n<p>Vous \u00eates d\u00e9j\u00e0 abonn\u00e9 \u00e0 L&rsquo;Economiste mais vous n&rsquo;avez pas re\u00e7u vos identifiants?<br \/>Contactez-nous \u00e0 l\u2019adresse <span class=\"__cf_email__\" data-cfemail=\"7a1b181514141f171f140e3a161f191514151713090e1f54191517\">[email\u00a0protected]<\/span> pour les recevoir en indiquant: nom, pr\u00e9nom, email, entreprise, fonction et num\u00e9ro de t\u00e9l\u00e9phone.<\/p>\n<\/div>\n<p>Auteur: hlafriqi<br \/>\n<a href=\"https:\/\/www.leconomiste.com\/article\/1072779-l-indemnite-covid-19-de-decembre-se-fait-attendre\">Cliquez ici pour lire l&rsquo;article depuis sa source.<\/a><\/p>\n","protected":false},"excerpt":{"rendered":"<p>Les entreprises touristiques s\u2019interrogent sur la date de ver\u00adsement de l\u2019indemnit\u00e9 forfaitaire Covid-19 au profit de leurs salari\u00e9s pour le mois de d\u00e9cembre et sui\u00advants. Selon nos informations, les entreprises du secteur ont proc\u00e9d\u00e9 \u00e0 la d\u00e9claration de leurs salari\u00e9s en arr\u00eat temporaire pour b\u00e9n\u00e9ficier de cette indemnit\u00e9 au titre du mois de d\u00e9cembre. Mais [&hellip;]<\/p>\n","protected":false},"author":1763,"featured_media":0,"comment_status":"closed","ping_status":"closed","sticky":false,"template":"","format":"standard","meta":{"fifu_image_url":"","fifu_image_alt":"","footnotes":""},"categories":[78,54],"tags":[],"class_list":["post-110521","post","type-post","status-publish","format-standard","hentry","category-economie","category-maroc"],"_links":{"self":[{"href":"https:\/\/linitiative.ca\/International\/wp-json\/wp\/v2\/posts\/110521","targetHints":{"allow":["GET"]}}],"collection":[{"href":"https:\/\/linitiative.ca\/International\/wp-json\/wp\/v2\/posts"}],"about":[{"href":"https:\/\/linitiative.ca\/International\/wp-json\/wp\/v2\/types\/post"}],"author":[{"embeddable":true,"href":"https:\/\/linitiative.ca\/International\/wp-json\/wp\/v2\/users\/1763"}],"replies":[{"embeddable":true,"href":"https:\/\/linitiative.ca\/International\/wp-json\/wp\/v2\/comments?post=110521"}],"version-history":[{"count":0,"href":"https:\/\/linitiative.ca\/International\/wp-json\/wp\/v2\/posts\/110521\/revisions"}],"wp:attachment":[{"href":"https:\/\/linitiative.ca\/International\/wp-json\/wp\/v2\/media?parent=110521"}],"wp:term":[{"taxonomy":"category","embeddable":true,"href":"https:\/\/linitiative.ca\/International\/wp-json\/wp\/v2\/categories?post=110521"},{"taxonomy":"post_tag","embeddable":true,"href":"https:\/\/linitiative.ca\/International\/wp-json\/wp\/v2\/tags?post=110521"}],"curies":[{"name":"wp","href":"https:\/\/api.w.org\/{rel}","templated":true}]}}