{"id":110524,"date":"2021-02-03T10:30:00","date_gmt":"2021-02-03T15:30:00","guid":{"rendered":"https:\/\/linitiative.ca\/International\/etre-lemaitre-dun-bon-cinema\/"},"modified":"2021-02-03T10:30:00","modified_gmt":"2021-02-03T15:30:00","slug":"etre-lemaitre-dun-bon-cinema","status":"publish","type":"post","link":"https:\/\/linitiative.ca\/International\/etre-lemaitre-dun-bon-cinema\/","title":{"rendered":"Etre \u00abLemaitre\u00bb d&rsquo;un bon cin\u00e9ma"},"content":{"rendered":"<p class=\"p1 c5\"><span class=\"c4\"><span class=\"c3\"><span class=\"s1 c2\"><strong>Le Temps- Zouhour HARBAOUI<\/strong><\/span><\/span><\/span><\/p>\n<p class=\"p1 c5\"><span class=\"c4\"><span class=\"c3\"><strong>\u00abEntracte\u00bb, le court m\u00e9trage d&rsquo;Anthony Lemaitre, est un hommage au septi\u00e8me art, mais pas que&#8230; <span class=\"Apple-converted-space\">\u00a0<\/span><\/strong><\/span><\/span><\/p>\n<p class=\"p1 c6\"><span class=\"c4\"><span class=\"c3\">En comp\u00e9tition court m\u00e9trage pour le festival d&rsquo;UniFrance, myfrenchfilmfestival, \u00abEntracte\u00bb d&rsquo;Anthony Lemaitre est, certes, un hommage au cin\u00e9ma, mais il a montr\u00e9 que certaines id\u00e9es re\u00e7ues n&rsquo;ont plus lieu d&rsquo;\u00eatre, et ce, en 17 petites minutes bien remplies.<\/span><\/span><\/p>\n<p class=\"p1 c6\"><span class=\"c4\"><span class=\"c3\">Yacine et ses deux amis essayent de trouver une solution pour voir le film am\u00e9ricain \u00abFast &amp; Furious 8\u00bb dans un multiplexe de banlieue. Attendant devant la porte de sortie des spectateurs, chacun d\u00e9bat du meilleur opus de cette fiction. Mais le vigile veille au grain et leur signifie que l&rsquo;entr\u00e9e est de l&rsquo;autre c\u00f4t\u00e9. D\u00e9\u00e7us, les trois ados repartent quand Yacine trouve, enfin, la solution : ils paieront pour le film du cin\u00e9-club, \u00abLe voleur de bicyclette\u00bb, et apr\u00e8s cinq minutes, ils sortiront pour entrer dans la salle de projection de \u00abFast &amp; Furious 8\u00bb. Ce qui fut dit fut fait. Mais au moment convenu, Yacine d\u00e9cide de suivre le film projet\u00e9 et laisse ses deux potes partir seuls pour l&rsquo;autre projection, en leur promettant de les suivre un peu plus tard.<\/span><\/span><\/p>\n<p class=\"p1 c6\"><span class=\"c4\"><span class=\"c3\">A la fin du long m\u00e9trage, la personne en charge du cin\u00e9-club se trouve seule en face de Yacine pour le d\u00e9bat. Apr\u00e8s une petite discussion, celui-ci promet de venir pour la prochaine projection pr\u00e9vue du cin\u00e9-club.<span class=\"Apple-converted-space\">\u00a0<\/span><\/span><\/span><\/p>\n<p class=\"p2 c7\">\u00a0<\/p>\n<p class=\"p3 c8\"><span class=\"c4\"><span class=\"c3\"><strong>Parall\u00e9lismes<\/strong><\/span><\/span><\/p>\n<p class=\"p1 c6\"><span class=\"c4\"><span class=\"c3\">\u00abEntracte\u00bb est un hommage au cin\u00e9ma \u00abd&rsquo;auteur\u00bb face aux films commerciaux notamment am\u00e9ricains. D&rsquo;avoir mis en parall\u00e8le \u00abFast &amp; Furious 8\u00bb et \u00abLe voleur de bicyclette\u00bb est vraiment une excellente id\u00e9e, et ce, pour plusieurs raisons. Outre la diff\u00e9rence entre films d&rsquo;auteur\/commercial, les deux fictions utilisent des moyens de locomotion qui leur sont utiles : les voiture pour le premier, la bicyclette pour le second. Tandis que le premier est un film pour faire r\u00eaver les adolescents, le second pose des r\u00e9alit\u00e9s, des th\u00e9matiques bien d\u00e9finies : la pauvret\u00e9, le ch\u00f4mage de l&rsquo;apr\u00e8s-guerre -rappelons que \u00abLe voleur de bicyclette\u00bb est sorti en 1948, etc. D&rsquo;autre part, la fin de ce film, quand Antonio, le p\u00e8re, -une victime qui devient voleur- continue son chemin vers un avenir inconnu avec son fils qui lui tient la main, est reprise, \u00e0 sa mani\u00e8re, par Anthony Lemaitre, puisque ce dernier fait partir Yacine d&rsquo;un c\u00f4t\u00e9, et ses deux copains de l&rsquo;autre.<span class=\"Apple-converted-space\">\u00a0<\/span><\/span><\/span><\/p>\n<p class=\"p1 c6\"><span class=\"c4\"><span class=\"c3\">Ce qui a touch\u00e9 le h\u00e9ros d&rsquo;\u00abEntracte\u00bb dans \u00abLe voleur de bicyclette\u00bb, c&rsquo;est la relation entre le p\u00e8re et le fils. Il s&rsquo;est assimil\u00e9 au jeune Bruno et a assimil\u00e9 son p\u00e8re \u00e0 Antonio. Et c&rsquo;est cette relation qui va l&rsquo;\u00e9mouvoir au plus profond de son \u00eatre. Cela se sent quand, dans le montage, \u00abEntracte\u00bb fait des allers-retours entre des images de \u00abLe voleur de bicyclette\u00bb et le visage de Yacine. Ce dernier a une relation conflictuelle avec son p\u00e8re \u00e0 cause de ses \u00e9tudes. Il le dit en quelques mots : \u00abC&rsquo;est \u00e0 cause de mon daron. Il veut que je trouve du taf apr\u00e8s le bac\u00bb. Gr\u00e2ce au film du cin\u00e9-club, Yacine comprend mieux la position de son p\u00e8re.<span class=\"Apple-converted-space\">\u00a0 \u00a0<\/span><\/span><\/span><\/p>\n<p class=\"p2 c7\">\u00a0<\/p>\n<p class=\"p3 c8\"><span class=\"c4\"><span class=\"c3\"><strong>Contre les id\u00e9es re\u00e7ues<\/strong><\/span><\/span><\/p>\n<p class=\"p1 c6\"><span class=\"c4\"><span class=\"c3\">Ce court m\u00e9trage est aussi une petite lutte contre les id\u00e9es re\u00e7ues. Mettre en personnage principal de son court m\u00e9trage un fils d&rsquo;immigr\u00e9 et lui faire appr\u00e9cier un film datant de 1948 est une bonne claque. Il est vrai qu&rsquo;au d\u00e9but de \u00abEntracte\u00bb on pourrait penser que les \u00abArabes\u00bb (en France, beaucoup ont encore du mal \u00e0 diff\u00e9rencier les Arabes, Maghr\u00e9bins, immigr\u00e9s de la premi\u00e8re g\u00e9n\u00e9ration, immigr\u00e9s de la deuxi\u00e8me g\u00e9n\u00e9ration, fils ou descendants d&rsquo;immigr\u00e9s, etc. et leur donnent comme appellation g\u00e9n\u00e9rique \u00abArabes\u00bb, m\u00eame s&rsquo;ils sont fran\u00e7ais), et, notamment, ceux issus de la banlieue (assimil\u00e9e souvent \u00e0 un ghetto) sont tous des voleurs, de vrais magouilleurs, qui ne connaissent rien \u00e0 l&rsquo;art et \u00e0 la culture. Mais, quand Yacine donne son avis \u00e0 ses potes sur le meilleur des \u00abFast &amp; Furious\u00bb, on sent que d\u00e9j\u00e0 ce jeune a une pr\u00e9disposition \u00e0 l&rsquo;analyse de films.<\/span><\/span><\/p>\n<p class=\"p1 c6\"><span class=\"c4\"><span class=\"c3\">D&rsquo;autre part, dans \u00abEntracte\u00bb, il y a une jeune guicheti\u00e8re d&rsquo;ascendance africaine subsaharienne qui vend les billets d&rsquo;entr\u00e9e pour le cin\u00e9-club. On pense tout de suite \u00e0 une simple employ\u00e9e. A la fin du film \u00abLe voleur de bicyclette\u00bb, c&rsquo;est elle entre dans la salle pour animer le d\u00e9part et elle avoue \u00e0 Yacine, la d\u00e9fection du public, que c&rsquo;\u00e9tait elle qui avait propos\u00e9 l&rsquo;id\u00e9e du cin\u00e9-club \u00e0 son patron. Deux Fran\u00e7ais d&rsquo;origine \u00e9trang\u00e8re \u00abmal cot\u00e9e\u00bb en France qui s&rsquo;int\u00e9ressent au septi\u00e8me art, c&rsquo;est remettre les pendules \u00e0 leur v\u00e9ritable heure. Et ce n&rsquo;est pas \u00abLes douze salopards\u00bb qui nous d\u00e9mentiraient&#8230;<\/span><\/span><\/p>\n<p class=\"p1 c5\">\u00a0<\/p>\n<p class=\"p4 c9\"><span class=\"c4\"><span class=\"c3\"><strong>Z.H<\/strong><\/span><\/span><\/p>\n<p>Auteur: letemps1<br \/>\n<a href=\"http:\/\/www.letemps.com.tn\/article\/119115\/etre-%C2%ABlemaitre%C2%BB-dun-bon-cin%C3%A9ma\">Cliquez ici pour lire l&rsquo;article depuis sa source.<\/a><\/p>\n","protected":false},"excerpt":{"rendered":"<p>Le Temps- Zouhour HARBAOUI \u00abEntracte\u00bb, le court m\u00e9trage d&rsquo;Anthony Lemaitre, est un hommage au septi\u00e8me art, mais pas que&#8230; \u00a0 En comp\u00e9tition court m\u00e9trage pour le festival d&rsquo;UniFrance, myfrenchfilmfestival, \u00abEntracte\u00bb d&rsquo;Anthony Lemaitre est, certes, un hommage au cin\u00e9ma, mais il a montr\u00e9 que certaines id\u00e9es re\u00e7ues n&rsquo;ont plus lieu d&rsquo;\u00eatre, et ce, en 17 petites [&hellip;]<\/p>\n","protected":false},"author":1773,"featured_media":0,"comment_status":"closed","ping_status":"closed","sticky":false,"template":"","format":"standard","meta":{"fifu_image_url":"","fifu_image_alt":"","footnotes":""},"categories":[73,55],"tags":[],"class_list":["post-110524","post","type-post","status-publish","format-standard","hentry","category-actualite","category-tunisie"],"_links":{"self":[{"href":"https:\/\/linitiative.ca\/International\/wp-json\/wp\/v2\/posts\/110524","targetHints":{"allow":["GET"]}}],"collection":[{"href":"https:\/\/linitiative.ca\/International\/wp-json\/wp\/v2\/posts"}],"about":[{"href":"https:\/\/linitiative.ca\/International\/wp-json\/wp\/v2\/types\/post"}],"author":[{"embeddable":true,"href":"https:\/\/linitiative.ca\/International\/wp-json\/wp\/v2\/users\/1773"}],"replies":[{"embeddable":true,"href":"https:\/\/linitiative.ca\/International\/wp-json\/wp\/v2\/comments?post=110524"}],"version-history":[{"count":0,"href":"https:\/\/linitiative.ca\/International\/wp-json\/wp\/v2\/posts\/110524\/revisions"}],"wp:attachment":[{"href":"https:\/\/linitiative.ca\/International\/wp-json\/wp\/v2\/media?parent=110524"}],"wp:term":[{"taxonomy":"category","embeddable":true,"href":"https:\/\/linitiative.ca\/International\/wp-json\/wp\/v2\/categories?post=110524"},{"taxonomy":"post_tag","embeddable":true,"href":"https:\/\/linitiative.ca\/International\/wp-json\/wp\/v2\/tags?post=110524"}],"curies":[{"name":"wp","href":"https:\/\/api.w.org\/{rel}","templated":true}]}}