{"id":110525,"date":"2021-02-03T10:30:00","date_gmt":"2021-02-03T15:30:00","guid":{"rendered":"https:\/\/linitiative.ca\/International\/la-fifa-ne-veut-pas-de-priorite-pour-les-footballeurs\/"},"modified":"2021-02-03T10:30:00","modified_gmt":"2021-02-03T15:30:00","slug":"la-fifa-ne-veut-pas-de-priorite-pour-les-footballeurs","status":"publish","type":"post","link":"https:\/\/linitiative.ca\/International\/la-fifa-ne-veut-pas-de-priorite-pour-les-footballeurs\/","title":{"rendered":"La FIFA ne veut pas de priorit\u00e9 pour les footballeurs\u00a0!"},"content":{"rendered":"<p class=\"p1 c3\"><span class=\"c2\">Le pr\u00e9sident de la FIFA Gianni Infantino a exclu lundi de r\u00e9clamer une vaccination prioritaire des footballeurs professionnels contre le Covid-19 pour faciliter les comp\u00e9titions, calquant sa position sur celle du Comit\u00e9 international olympique.<\/span><\/p>\n<p class=\"p1 c3\"><span class=\"c2\">\u00abLa priorit\u00e9, en termes de vaccins, c\u2019est bien \u00e9videmment que les personnes \u00e0 risque et les soignants soient vaccin\u00e9s en premier\u00bb, a d\u00e9clar\u00e9 le patron de l\u2019instance mondiale, invit\u00e9 au point-presse hebdomadaire de l\u2019Organisation mondiale de la sant\u00e9 (OMS).<\/span><\/p>\n<p class=\"p1 c3\"><span class=\"c2\">Venu soutenir la campagne de l\u2019OMS pour un acc\u00e8s \u00e9quitable \u00e0 la vaccination, le dirigeant italo-suisse a soulign\u00e9 que les joueurs de football n\u2019\u00e9taient \u00abpas un public prioritaire\u00bb, quand bien m\u00eame la pand\u00e9mie menace les calendriers sportifs.<\/span><\/p>\n<p class=\"p1 c3\"><span class=\"c2\">\u00abIl est possible que l\u2019on recommande la vaccination \u00e0 un moment, mais tout cela se fera bien s\u00fbr en respectant l\u2019ordre de distribution des vaccins\u00bb, a insist\u00e9 Gianni Infantino.<\/span><\/p>\n<p class=\"p1 c3\"><span class=\"c2\">Alors que la plupart des matches se tiennent actuellement devant des tribunes vides, le patron de la Fifa s\u2019est montr\u00e9 optimiste \u00e0 l\u2019id\u00e9e que le prochain Mondial de foot au Qatar se dispute \u00abdans des stades combles\u00bb en novembre et d\u00e9cembre 2022.<\/span><\/p>\n<p class=\"p1 c3\"><span class=\"c2\">\u00abIl faut que d\u2019ici l\u00e0 le Covid-19 ait \u00e9t\u00e9 \u00e9radiqu\u00e9. Si nous n\u2019y sommes toujours pas, je pense qu\u2019on aura un probl\u00e8me beaucoup plus grave que la Coupe du monde\u00bb, a-t-il ajout\u00e9.<\/span><\/p>\n<p class=\"p1 c3\"><span class=\"c2\">Le d\u00e9bat sur une \u00e9ventuelle \u00abpriorisation\u00bb des sportifs a pris de l\u2019ampleur ces derni\u00e8res semaines, \u00e0 mesure que les doutes montaient sur la tenue des Jeux olympiques de Tokyo, du 23 juillet au 8 ao\u00fbt prochain, ainsi que sur l\u2019Euro de football en juin et juillet.<\/span><\/p>\n<p class=\"p1 c3\"><span class=\"c2\">Mais le CIO refuse de demander un acc\u00e8s prioritaire au vaccin pour les participants aux JO, qui aurait pos\u00e9 des difficult\u00e9s \u00e0 la fois pratiques et \u00e9thiques puisque la campagne vaccinale d\u00e9bute \u00e0 un rythme tr\u00e8s in\u00e9gal selon les pays.<\/span><\/p>\n<p class=\"p1 c3\"><span class=\"c2\">L\u2019instance olympique encourage n\u00e9anmoins les athl\u00e8tes \u00ab\u00e0 se faire vacciner dans leur pays de r\u00e9sidence, dans le respect des directives nationales\u00bb, une fois les doses \u00abdisponibles pour un public plus large\u00bb.<\/span><\/p>\n<p class=\"p1 c3\"><span class=\"c2\">Charg\u00e9e d\u2019organiser l\u2019Euro dans douze pays diff\u00e9rents, un casse-t\u00eate vu les restrictions de circulation, l\u2019UEFA a quant \u00e0 elle repouss\u00e9 \u00e0 avril le moment de pr\u00e9ciser ses mesures sanitaires, et n\u2019a pas encore \u00e9voqu\u00e9 la question des vaccins.<span class=\"Apple-converted-space\">\u00a0<\/span><\/span><\/p>\n<p>Auteur: letemps1<br \/>\n<a href=\"http:\/\/www.letemps.com.tn\/article\/119116\/la-fifa-ne-veut-pas-de-priorit%C3%A9-pour-les-footballeurs%C2%A0\">Cliquez ici pour lire l&rsquo;article depuis sa source.<\/a><\/p>\n","protected":false},"excerpt":{"rendered":"<p>Le pr\u00e9sident de la FIFA Gianni Infantino a exclu lundi de r\u00e9clamer une vaccination prioritaire des footballeurs professionnels contre le Covid-19 pour faciliter les comp\u00e9titions, calquant sa position sur celle du Comit\u00e9 international olympique. \u00abLa priorit\u00e9, en termes de vaccins, c\u2019est bien \u00e9videmment que les personnes \u00e0 risque et les soignants soient vaccin\u00e9s en premier\u00bb, [&hellip;]<\/p>\n","protected":false},"author":1773,"featured_media":0,"comment_status":"closed","ping_status":"closed","sticky":false,"template":"","format":"standard","meta":{"fifu_image_url":"","fifu_image_alt":"","footnotes":""},"categories":[73,55],"tags":[],"class_list":["post-110525","post","type-post","status-publish","format-standard","hentry","category-actualite","category-tunisie"],"_links":{"self":[{"href":"https:\/\/linitiative.ca\/International\/wp-json\/wp\/v2\/posts\/110525","targetHints":{"allow":["GET"]}}],"collection":[{"href":"https:\/\/linitiative.ca\/International\/wp-json\/wp\/v2\/posts"}],"about":[{"href":"https:\/\/linitiative.ca\/International\/wp-json\/wp\/v2\/types\/post"}],"author":[{"embeddable":true,"href":"https:\/\/linitiative.ca\/International\/wp-json\/wp\/v2\/users\/1773"}],"replies":[{"embeddable":true,"href":"https:\/\/linitiative.ca\/International\/wp-json\/wp\/v2\/comments?post=110525"}],"version-history":[{"count":0,"href":"https:\/\/linitiative.ca\/International\/wp-json\/wp\/v2\/posts\/110525\/revisions"}],"wp:attachment":[{"href":"https:\/\/linitiative.ca\/International\/wp-json\/wp\/v2\/media?parent=110525"}],"wp:term":[{"taxonomy":"category","embeddable":true,"href":"https:\/\/linitiative.ca\/International\/wp-json\/wp\/v2\/categories?post=110525"},{"taxonomy":"post_tag","embeddable":true,"href":"https:\/\/linitiative.ca\/International\/wp-json\/wp\/v2\/tags?post=110525"}],"curies":[{"name":"wp","href":"https:\/\/api.w.org\/{rel}","templated":true}]}}