{"id":110526,"date":"2021-02-03T10:30:00","date_gmt":"2021-02-03T15:30:00","guid":{"rendered":"https:\/\/linitiative.ca\/International\/reaction-imperative-pour-les-uns-et-les-autres\/"},"modified":"2021-02-03T10:30:00","modified_gmt":"2021-02-03T15:30:00","slug":"reaction-imperative-pour-les-uns-et-les-autres","status":"publish","type":"post","link":"https:\/\/linitiative.ca\/International\/reaction-imperative-pour-les-uns-et-les-autres\/","title":{"rendered":"R\u00e9action imp\u00e9rative pour les uns et les autres"},"content":{"rendered":"<p class=\"p1 c3\"><span class=\"c2\">Apr\u00e8s avoir disput\u00e9 et perdu le derby de dimanche dernier, le Club Africain sera en d\u00e9placement pour rencontrer l\u2019Olympique de B\u00e9ja. Il s\u2019agira pour l\u2019occasion d\u2019un match entre deux formations qui ont perdu leurs derni\u00e8res sorties et qui occupent les derni\u00e8res places au classement g\u00e9n\u00e9ral. Un match \u00e0 six points pour deux \u00e9quipes dont le seul souci est celui de rebondir. Il est beaucoup plus prononc\u00e9 pour les clubistes qui sont en position de rel\u00e9gables. Une situation critique pour une formation qui n\u2019est pas habitu\u00e9 \u00e0 lutter pour le maintien et qui s\u2019appr\u00eate \u00e0 terminer la phase aller dans un classement qui ne sied pas avec son v\u00e9cu, mais qui est en harmonie avec ses moyens humains\u2026<\/span><\/p>\n<p class=\"p2 c4\"><span class=\"c2\"><strong>R\u00e9action imp\u00e9rative<\/strong><\/span><\/p>\n<p class=\"p1 c3\"><span class=\"c2\">En ce qui concerne la rencontre d\u2019aujourd\u2019hui, elle sera difficile pour les deux formations qui ne sont gu\u00e8re contentes de beaucoup de choses et en premier du comportement des arbitres de leur dernier match respectif. Les clubistes se sentent l\u00e9s\u00e9s depuis le d\u00e9but de cette saison. C\u2019est peut-\u00eatre une fa\u00e7on comme une autre pour faire oublier aux supporters qu\u2019ils sont \u00e0 six d\u00e9faites en onze journ\u00e9es. Quoi qu\u2019il en soit, l\u2019erreur n\u2019est pas permise pour les uns et les autres et surtout pour les clubistes qui sont avant-derniers au classement g\u00e9n\u00e9ral et un \u00e9ventuel faux-pas risque fort de les plonger dans une crise sans fin. Les deux \u00e9quipes seront priv\u00e9s des joueurs expuls\u00e9s lors de la journ\u00e9e de dimanche, mais ce n\u2019est l\u00e0 qu\u2019un d\u00e9tail et ces absences ne seront pas d\u00e9cisives et importantes\u2026<\/span><\/p>\n<p class=\"p3 c5\"><span class=\"c2\"><strong>Mourad AYARI<\/strong><\/span><\/p>\n<p>Auteur: letemps1<br \/>\n<a href=\"http:\/\/www.letemps.com.tn\/article\/119117\/r%C3%A9action-imp%C3%A9rative-pour-les-uns-et-les-autres\">Cliquez ici pour lire l&rsquo;article depuis sa source.<\/a><\/p>\n","protected":false},"excerpt":{"rendered":"<p>Apr\u00e8s avoir disput\u00e9 et perdu le derby de dimanche dernier, le Club Africain sera en d\u00e9placement pour rencontrer l\u2019Olympique de B\u00e9ja. Il s\u2019agira pour l\u2019occasion d\u2019un match entre deux formations qui ont perdu leurs derni\u00e8res sorties et qui occupent les derni\u00e8res places au classement g\u00e9n\u00e9ral. Un match \u00e0 six points pour deux \u00e9quipes dont le [&hellip;]<\/p>\n","protected":false},"author":1773,"featured_media":0,"comment_status":"closed","ping_status":"closed","sticky":false,"template":"","format":"standard","meta":{"fifu_image_url":"","fifu_image_alt":"","footnotes":""},"categories":[73,55],"tags":[],"class_list":["post-110526","post","type-post","status-publish","format-standard","hentry","category-actualite","category-tunisie"],"_links":{"self":[{"href":"https:\/\/linitiative.ca\/International\/wp-json\/wp\/v2\/posts\/110526","targetHints":{"allow":["GET"]}}],"collection":[{"href":"https:\/\/linitiative.ca\/International\/wp-json\/wp\/v2\/posts"}],"about":[{"href":"https:\/\/linitiative.ca\/International\/wp-json\/wp\/v2\/types\/post"}],"author":[{"embeddable":true,"href":"https:\/\/linitiative.ca\/International\/wp-json\/wp\/v2\/users\/1773"}],"replies":[{"embeddable":true,"href":"https:\/\/linitiative.ca\/International\/wp-json\/wp\/v2\/comments?post=110526"}],"version-history":[{"count":0,"href":"https:\/\/linitiative.ca\/International\/wp-json\/wp\/v2\/posts\/110526\/revisions"}],"wp:attachment":[{"href":"https:\/\/linitiative.ca\/International\/wp-json\/wp\/v2\/media?parent=110526"}],"wp:term":[{"taxonomy":"category","embeddable":true,"href":"https:\/\/linitiative.ca\/International\/wp-json\/wp\/v2\/categories?post=110526"},{"taxonomy":"post_tag","embeddable":true,"href":"https:\/\/linitiative.ca\/International\/wp-json\/wp\/v2\/tags?post=110526"}],"curies":[{"name":"wp","href":"https:\/\/api.w.org\/{rel}","templated":true}]}}