{"id":110527,"date":"2021-02-03T10:30:00","date_gmt":"2021-02-03T15:30:00","guid":{"rendered":"https:\/\/linitiative.ca\/International\/faux-pas-interdit-pour-les-deux-protagonistes\/"},"modified":"2021-02-03T10:30:00","modified_gmt":"2021-02-03T15:30:00","slug":"faux-pas-interdit-pour-les-deux-protagonistes","status":"publish","type":"post","link":"https:\/\/linitiative.ca\/International\/faux-pas-interdit-pour-les-deux-protagonistes\/","title":{"rendered":"Faux-pas interdit pour les deux protagonistes"},"content":{"rendered":"<p class=\"p1 c3\"><span class=\"c2\">L\u2019\u00e9cart qui s\u00e9pare l\u2019Esp\u00e9rance de Tunis du CSS ne cesse d\u2019augmenter d\u2019une journ\u00e9e \u00e0 l\u2019autre\u00a0 pour se chiffrer aujourd\u2019hui\u00a0 \u00e0 sept points avec cependant un match en moins Un nouveau faux-pas cet apr\u00e8s-midi \u00e0 Kairouan face \u00e0 la Jeunesse Sportive locale risquerait\u00a0 de lui co\u00fbter de se faire distancer irr\u00e9m\u00e9diablement par le leader. De son c\u00f4t\u00e9 la JSK qui occupe le poste, peu enviable, de lanterne rouge avec 2 points seulement r\u00e9ussis en dix matches donc sur 30 possibles ne peut elle aussi se permettre un nouvel \u00e9chec qui pourrait \u00eatre synonyme d\u2019adieux car avec un aussi maigre capital points on voit mal comment la JSK pourrait remonter la pente alors que le championnat s\u2019appr\u00eate\u00a0\u00e0 aborder sa deuxi\u00e8me phase.\u00a0<\/span><\/p>\n<p class=\"p1 c3\"><span class=\"c2\">C\u2019est dire, donc, que le match entre la JSK et le CSS mettra face \u00e0 face deux \u00e9quipes ayant chacune le dos au mur. Aussi la pression sera particuli\u00e8rement\u00a0 pesante sur les joueurs des deux parties du fait qu\u2019ils n\u2019auront nullement\u00a0 droit \u00e0 l\u2019erreur dans un match qui rev\u00eat pour les uns et les autres\u00a0 une importance consid\u00e9rable. Un match \u00e0 gagner absolument mais dans le cadre de la correction et du respect de l\u2019\u00e9thique sportive.<\/span><\/p>\n<p class=\"p2 c4\">\u00a0<\/p>\n<p class=\"p3 c5\"><span class=\"c2\"><strong>Les Sfaxiens amoindrie<span class=\"Apple-converted-space\">\u00a0<\/span><\/strong><\/span><\/p>\n<p class=\"p3 c5\"><span class=\"c2\"><strong>par une cascade d\u2019absences<\/strong><\/span><\/p>\n<p class=\"p1 c3\"><span class=\"c2\">Concernant la composition des deux formations notons que celle du CSS sera de nouveau amput\u00e9e des services de bon nombre de ses joueurs pour cause de blessures \u00e0 l\u2019exception de l\u2019axial Heni Amamou qui ne sera pas pour le sixi\u00e8me match cons\u00e9cutif de la partie car \u00e9tant interdit de comp\u00e9tition par ses dirigeant suite \u00e0 son refus de rempiler avec son club sachant que\u2019 son contrat expirera le 30 juins prochain. Les autres joueurs sfaxiens \u00e0 d\u00e9clarer forfait au match sont Azmi Ghouma,\u00a0Alaa Ghram Naby Camara, Houssam Dagdoug et probablement le milieu de terrain ivoirien Chris Kouakou.\u00a0<\/span><\/p>\n<p class=\"p2 c4\">\u00a0<\/p>\n<p class=\"p3 c5\"><span class=\"c2\"><strong>Des remaniements en vue au sein de la formation sfaxienne<\/strong><\/span><\/p>\n<p class=\"p1 c3\"><span class=\"c2\">Malgr\u00e9 ces absences en cascade l\u2019ensemble sfaxien\u00a0 devra afficher de meilleurs arguments , \u00e0 tous les niveaux du jeu que ceux qu\u2019il a fait entrevoir face \u00e0 l\u2019AS Soliman. La formation sfaxien fut ce jour en effet f\u00e9brile en d\u00e9fense \u00e0 cause des erreurs \u00e0 r\u00e9p\u00e9tition de Zammouri dont l\u2019une d\u2019elles fut derri\u00e8re le but des capbonistes et t\u00e2tonnante au niveau de la relance et de l\u2019animation offensive ce qui\u00a0 explique d\u2019ailleurs la raret\u00e9 des occasions cr\u00e9\u00e9es devant la solide formation de Soliman.\u00a0<\/span><\/p>\n<p class=\"p1 c3\"><span class=\"c2\">Toujours est-il qu\u2019\u00e0 la lumi\u00e8re des enseignements tir\u00e9s du match contre l\u2019ASS, Anis Boujelb\u00e8ne compte apporter quelques changements \u00e0 sa formation rentrante en alignant d\u2019embl\u00e9e Walid Karaoui et Achraf Habssi et probablement Abdallah Amri, trois joueurs qui n\u2019ont pas d\u00e9m\u00e9rit\u00e9\u00a0quand ils ont fait leur entr\u00e9e en deuxi\u00e8me mi-temps.<\/span><\/p>\n<p class=\"p4 c6\"><span class=\"c2\"><strong>Ameur KERKENNI<\/strong><\/span><\/p>\n<p>Auteur: letemps1<br \/>\n<a href=\"http:\/\/www.letemps.com.tn\/article\/119118\/faux-pas-interdit-pour-les-deux-protagonistes\">Cliquez ici pour lire l&rsquo;article depuis sa source.<\/a><\/p>\n","protected":false},"excerpt":{"rendered":"<p>L\u2019\u00e9cart qui s\u00e9pare l\u2019Esp\u00e9rance de Tunis du CSS ne cesse d\u2019augmenter d\u2019une journ\u00e9e \u00e0 l\u2019autre\u00a0 pour se chiffrer aujourd\u2019hui\u00a0 \u00e0 sept points avec cependant un match en moins Un nouveau faux-pas cet apr\u00e8s-midi \u00e0 Kairouan face \u00e0 la Jeunesse Sportive locale risquerait\u00a0 de lui co\u00fbter de se faire distancer irr\u00e9m\u00e9diablement par le leader. De son [&hellip;]<\/p>\n","protected":false},"author":1773,"featured_media":0,"comment_status":"closed","ping_status":"closed","sticky":false,"template":"","format":"standard","meta":{"fifu_image_url":"","fifu_image_alt":"","footnotes":""},"categories":[73,55],"tags":[],"class_list":["post-110527","post","type-post","status-publish","format-standard","hentry","category-actualite","category-tunisie"],"_links":{"self":[{"href":"https:\/\/linitiative.ca\/International\/wp-json\/wp\/v2\/posts\/110527","targetHints":{"allow":["GET"]}}],"collection":[{"href":"https:\/\/linitiative.ca\/International\/wp-json\/wp\/v2\/posts"}],"about":[{"href":"https:\/\/linitiative.ca\/International\/wp-json\/wp\/v2\/types\/post"}],"author":[{"embeddable":true,"href":"https:\/\/linitiative.ca\/International\/wp-json\/wp\/v2\/users\/1773"}],"replies":[{"embeddable":true,"href":"https:\/\/linitiative.ca\/International\/wp-json\/wp\/v2\/comments?post=110527"}],"version-history":[{"count":0,"href":"https:\/\/linitiative.ca\/International\/wp-json\/wp\/v2\/posts\/110527\/revisions"}],"wp:attachment":[{"href":"https:\/\/linitiative.ca\/International\/wp-json\/wp\/v2\/media?parent=110527"}],"wp:term":[{"taxonomy":"category","embeddable":true,"href":"https:\/\/linitiative.ca\/International\/wp-json\/wp\/v2\/categories?post=110527"},{"taxonomy":"post_tag","embeddable":true,"href":"https:\/\/linitiative.ca\/International\/wp-json\/wp\/v2\/tags?post=110527"}],"curies":[{"name":"wp","href":"https:\/\/api.w.org\/{rel}","templated":true}]}}