{"id":110528,"date":"2021-02-03T15:14:07","date_gmt":"2021-02-03T20:14:07","guid":{"rendered":"https:\/\/linitiative.ca\/International\/international-barca-la-replique-de-messi-apres-les-fuites-sur-son-contrat-avec-le-club\/"},"modified":"2021-02-03T15:14:07","modified_gmt":"2021-02-03T20:14:07","slug":"international-barca-la-replique-de-messi-apres-les-fuites-sur-son-contrat-avec-le-club","status":"publish","type":"post","link":"https:\/\/linitiative.ca\/International\/international-barca-la-replique-de-messi-apres-les-fuites-sur-son-contrat-avec-le-club\/","title":{"rendered":"International : Bar\u00e7a : La r\u00e9plique de Messi apr\u00e8s les fuites sur son contrat avec le club"},"content":{"rendered":"<div readability=\"32\">\n<p>Auteur : <span class=\"time\">mercredi 03 f\u00e9vrier 2021 11:27<\/span><\/p>\n<\/div>\n<div id=\"post_core\" readability=\"47\">\n<p>En effet, le m\u00e9dia espagnol RAC-1 d\u00e9voile ce mercredi que Lionel Messi est d\u00e9termin\u00e9 \u00e0 intenter une action en justice contre le journal El Mundo ainsi que plusieurs personnes en justice qu&rsquo;il soup\u00e7onne d&rsquo;avoir divulgu\u00e9 l&rsquo;int\u00e9gralit\u00e9 de documents priv\u00e9s comme l&rsquo;indique Footmercato.<\/p>\n<p>Et elles sont cinq dans le collimateur du clan Messi et de la justice \u00e0 pr\u00e9sent, car elles seules ont pu avoir acc\u00e8s aux documents. Sport indique qu&rsquo;il s&rsquo;agit de de Josep Maria Bartomeu (ancien pr\u00e9sident du Bar\u00e7a), Carles Tusquets (actuel pr\u00e9sident du comit\u00e9 de direction), Jordi Mestre (ancien vice-pr\u00e9sident sportif), \u00d2scar Grau (PDG du club) et Rom\u00e0 Punt\u00ed (responsable des services juridiques du Bar\u00e7a). R\u00e9cemment, Josep Maria Bartomeu a ni\u00e9 \u00eatre impliqu\u00e9 dans cette sombre affaire.<\/p>\n<p><strong>Publi\u00e9 dans :<\/strong> <span>fc barcelone<\/span><\/p>\n<\/div>\n<p>Auteur:<br \/>\n<a href=\"http:\/\/www.lebuteur.com\/article\/detail?titre=barca-la-replique-de-messi-apres-les-fuites-sur-son-contrat-avec-le-club&#038;id=98949&#038;utm_source=feedburner&#038;utm_medium=feed&#038;utm_campaign=Feed%3A+GalerieFArtciles+%28Les+derniers+articles++-+lebuteur.com%29\">Cliquez ici pour lire l&rsquo;article depuis sa source.<\/a><\/p>\n","protected":false},"excerpt":{"rendered":"<p>Auteur : mercredi 03 f\u00e9vrier 2021 11:27 En effet, le m\u00e9dia espagnol RAC-1 d\u00e9voile ce mercredi que Lionel Messi est d\u00e9termin\u00e9 \u00e0 intenter une action en justice contre le journal El Mundo ainsi que plusieurs personnes en justice qu&rsquo;il soup\u00e7onne d&rsquo;avoir divulgu\u00e9 l&rsquo;int\u00e9gralit\u00e9 de documents priv\u00e9s comme l&rsquo;indique Footmercato. Et elles sont cinq dans le [&hellip;]<\/p>\n","protected":false},"author":1738,"featured_media":0,"comment_status":"closed","ping_status":"closed","sticky":false,"template":"","format":"standard","meta":{"fifu_image_url":"\/\/cdn.lebuteur.com\/data\/images\/article\/thumbs\/large-barca-la-replique-de-messi-apres-les-fuites-sur-son-contrat-avec-le-club-af215.jpg","fifu_image_alt":"International : Bar\u00e7a : La r\u00e9plique de Messi apr\u00e8s les fuites sur son contrat avec le club","footnotes":""},"categories":[53,75],"tags":[],"class_list":["post-110528","post","type-post","status-publish","format-standard","hentry","category-algerie","category-sport"],"_links":{"self":[{"href":"https:\/\/linitiative.ca\/International\/wp-json\/wp\/v2\/posts\/110528","targetHints":{"allow":["GET"]}}],"collection":[{"href":"https:\/\/linitiative.ca\/International\/wp-json\/wp\/v2\/posts"}],"about":[{"href":"https:\/\/linitiative.ca\/International\/wp-json\/wp\/v2\/types\/post"}],"author":[{"embeddable":true,"href":"https:\/\/linitiative.ca\/International\/wp-json\/wp\/v2\/users\/1738"}],"replies":[{"embeddable":true,"href":"https:\/\/linitiative.ca\/International\/wp-json\/wp\/v2\/comments?post=110528"}],"version-history":[{"count":0,"href":"https:\/\/linitiative.ca\/International\/wp-json\/wp\/v2\/posts\/110528\/revisions"}],"wp:attachment":[{"href":"https:\/\/linitiative.ca\/International\/wp-json\/wp\/v2\/media?parent=110528"}],"wp:term":[{"taxonomy":"category","embeddable":true,"href":"https:\/\/linitiative.ca\/International\/wp-json\/wp\/v2\/categories?post=110528"},{"taxonomy":"post_tag","embeddable":true,"href":"https:\/\/linitiative.ca\/International\/wp-json\/wp\/v2\/tags?post=110528"}],"curies":[{"name":"wp","href":"https:\/\/api.w.org\/{rel}","templated":true}]}}