{"id":110529,"date":"2021-02-03T15:14:09","date_gmt":"2021-02-03T20:14:09","guid":{"rendered":"https:\/\/linitiative.ca\/International\/international-mahrez-sexprime-sur-sa-situation-a-man-city\/"},"modified":"2021-02-03T15:14:09","modified_gmt":"2021-02-03T20:14:09","slug":"international-mahrez-sexprime-sur-sa-situation-a-man-city","status":"publish","type":"post","link":"https:\/\/linitiative.ca\/International\/international-mahrez-sexprime-sur-sa-situation-a-man-city\/","title":{"rendered":"International : Mahrez s\u2019exprime sur sa situation \u00e0 Man City"},"content":{"rendered":"<div readability=\"32\">\n<p>Auteur : <span class=\"time\">mercredi 03 f\u00e9vrier 2021 14:49<\/span><\/p>\n<\/div>\n<div id=\"post_core\" readability=\"46\">\n<p>\u00abMahrez n\u2019est, peut \u00eatre, pas content \u00e0 100% de sa situation \u00e0 Manchester, car il ne joue pas souvent, or c\u2019est un comp\u00e9titeur qui veut jouer toutes les rencontres de son \u00e9quipe. \u00bb Ce sont les mots forts employ\u00e9s par le s\u00e9lectionneur national, Djamel Belmadi concernant la situation du capitaine des Verts chez les Citizens. Cependant, Mahrez ne semble pas \u00eatre de cet avis. En effet, et dans une d\u00e9claration faites au m\u00e9dia, Man City Xtra, Mahrez a indiqu\u00e9 qu&rsquo;il se sentait bien \u00e0 Manchester City, pr\u00e9cisant: \u00abIl y\u2019a eu une erreur dans la retranscription des propos du s\u00e9lectionneur national, Djamel Belmadi. Tout se passe bien pour moi \u00e0 l\u2019Itihad.\u00bb<\/p>\n<p><strong>Publi\u00e9 dans :<\/strong> <span>Mahrez<\/span><\/p>\n<\/div>\n<p>Auteur:<br \/>\n<a href=\"http:\/\/www.lebuteur.com\/article\/detail?titre=mahrez-sexprime-sur-sa-situation-a-man-city&#038;id=98950&#038;utm_source=feedburner&#038;utm_medium=feed&#038;utm_campaign=Feed%3A+GalerieFArtciles+%28Les+derniers+articles++-+lebuteur.com%29\">Cliquez ici pour lire l&rsquo;article depuis sa source.<\/a><\/p>\n","protected":false},"excerpt":{"rendered":"<p>Auteur : mercredi 03 f\u00e9vrier 2021 14:49 \u00abMahrez n\u2019est, peut \u00eatre, pas content \u00e0 100% de sa situation \u00e0 Manchester, car il ne joue pas souvent, or c\u2019est un comp\u00e9titeur qui veut jouer toutes les rencontres de son \u00e9quipe. \u00bb Ce sont les mots forts employ\u00e9s par le s\u00e9lectionneur national, Djamel Belmadi concernant la situation [&hellip;]<\/p>\n","protected":false},"author":1738,"featured_media":0,"comment_status":"closed","ping_status":"closed","sticky":false,"template":"","format":"standard","meta":{"fifu_image_url":"\/\/cdn.lebuteur.com\/data\/images\/article\/thumbs\/large-mahrez-sexprime-sur-sa-situation-a-man-city-7b5d0.jpg","fifu_image_alt":"International : Mahrez s\u2019exprime sur sa situation \u00e0 Man City","footnotes":""},"categories":[53,75],"tags":[],"class_list":["post-110529","post","type-post","status-publish","format-standard","hentry","category-algerie","category-sport"],"_links":{"self":[{"href":"https:\/\/linitiative.ca\/International\/wp-json\/wp\/v2\/posts\/110529","targetHints":{"allow":["GET"]}}],"collection":[{"href":"https:\/\/linitiative.ca\/International\/wp-json\/wp\/v2\/posts"}],"about":[{"href":"https:\/\/linitiative.ca\/International\/wp-json\/wp\/v2\/types\/post"}],"author":[{"embeddable":true,"href":"https:\/\/linitiative.ca\/International\/wp-json\/wp\/v2\/users\/1738"}],"replies":[{"embeddable":true,"href":"https:\/\/linitiative.ca\/International\/wp-json\/wp\/v2\/comments?post=110529"}],"version-history":[{"count":0,"href":"https:\/\/linitiative.ca\/International\/wp-json\/wp\/v2\/posts\/110529\/revisions"}],"wp:attachment":[{"href":"https:\/\/linitiative.ca\/International\/wp-json\/wp\/v2\/media?parent=110529"}],"wp:term":[{"taxonomy":"category","embeddable":true,"href":"https:\/\/linitiative.ca\/International\/wp-json\/wp\/v2\/categories?post=110529"},{"taxonomy":"post_tag","embeddable":true,"href":"https:\/\/linitiative.ca\/International\/wp-json\/wp\/v2\/tags?post=110529"}],"curies":[{"name":"wp","href":"https:\/\/api.w.org\/{rel}","templated":true}]}}