{"id":110531,"date":"2021-02-03T15:14:14","date_gmt":"2021-02-03T20:14:14","guid":{"rendered":"https:\/\/linitiative.ca\/International\/pros-naples-bonne-nouvelle-pour-ghoulam\/"},"modified":"2021-02-03T15:14:14","modified_gmt":"2021-02-03T20:14:14","slug":"pros-naples-bonne-nouvelle-pour-ghoulam","status":"publish","type":"post","link":"https:\/\/linitiative.ca\/International\/pros-naples-bonne-nouvelle-pour-ghoulam\/","title":{"rendered":"Pros : Naples: Bonne nouvelle pour Ghoulam"},"content":{"rendered":"<div readability=\"32\">\n<p>Auteur : <span>Moumen A.<\/span> <span class=\"time\">mercredi 03 f\u00e9vrier 2021 16:33<\/span><\/p>\n<\/div>\n<div id=\"post_core\" readability=\"70\">\n<p>\u00a0Comme plusieurs \u00e9quipes l\u2019ont font, Naples SSC a \u00e9galement annonc\u00e9 la mise \u00e0 jour de la liste des joueurs retenus pour l\u2019Europa League. Engag\u00e9 donc pour ce match des huiti\u00e8mes de finale qui l\u2019attend contre Granada CF, Naples a adress\u00e9 une liste de 23 joueurs\u00a0 envoy\u00e9e \u00e0 l&rsquo;UEFA. \u00a0\u00a0Ainsi en pr\u00e9vision de cette double \u00a0confrontation contre es Espagnols de Grenade, l&rsquo;entra\u00eeneur des Azzurri Gennaro Gattuso a \u00a0effectu\u00e9 un seul remplacement dans sa liste. \u00a0Fernando Llorente \u00a0transf\u00e9r\u00e9 \u00e0 l&rsquo;Udinese lors du mercato d&rsquo;hiver a \u00e9t\u00e9 remplac\u00e9 par l\u2019Alg\u00e9rien \u00a0Faouzi Ghoulam, \u00a0qui revient donc les plans de son entraineur.<\/p>\n<p>La liste des joueurs de Naples\u00a0 retenus pour l&rsquo;Europa League:\u00a0<\/p>\n<p><strong>Gardiens de but:<\/strong> Meret, Contini, Ospina<\/p>\n<p>D\u00e9fenseurs: Mario Rui, Maksimovic, Di Lorenzo, Hysaj, Koulibaly, <strong>Ghoulam<\/strong>, Rrahmani, Manolas<\/p>\n<p><strong>Milieux de terrain:<\/strong> Demme, Bakayoko, Elmas, Fabian Ruiz, Zielinski, Lobotka<\/p>\n<p><strong>Attaquants:<\/strong> Osimhen, Lozano, Mertens, Politano, Insigne, Petagna<br \/>\u00a0<\/p>\n<p><strong>Publi\u00e9 dans :<\/strong> <span>faouzi ghoulam<\/span><\/p>\n<\/div>\n<p>Auteur:<br \/>\n<a href=\"http:\/\/www.lebuteur.com\/article\/detail?titre=naples-bonne-nouvelle-pour-ghoulam&#038;id=98952&#038;utm_source=feedburner&#038;utm_medium=feed&#038;utm_campaign=Feed%3A+GalerieFArtciles+%28Les+derniers+articles++-+lebuteur.com%29\">Cliquez ici pour lire l&rsquo;article depuis sa source.<\/a><\/p>\n","protected":false},"excerpt":{"rendered":"<p>Auteur : Moumen A. mercredi 03 f\u00e9vrier 2021 16:33 \u00a0Comme plusieurs \u00e9quipes l\u2019ont font, Naples SSC a \u00e9galement annonc\u00e9 la mise \u00e0 jour de la liste des joueurs retenus pour l\u2019Europa League. Engag\u00e9 donc pour ce match des huiti\u00e8mes de finale qui l\u2019attend contre Granada CF, Naples a adress\u00e9 une liste de 23 joueurs\u00a0 envoy\u00e9e [&hellip;]<\/p>\n","protected":false},"author":1738,"featured_media":0,"comment_status":"closed","ping_status":"closed","sticky":false,"template":"","format":"standard","meta":{"fifu_image_url":"\/\/cdn.lebuteur.com\/data\/images\/article\/thumbs\/large-naples-bonne-nouvelle-pour-ghoulam-79cfd.jpg","fifu_image_alt":"Pros : Naples: Bonne nouvelle pour Ghoulam","footnotes":""},"categories":[53,75],"tags":[],"class_list":["post-110531","post","type-post","status-publish","format-standard","hentry","category-algerie","category-sport"],"_links":{"self":[{"href":"https:\/\/linitiative.ca\/International\/wp-json\/wp\/v2\/posts\/110531","targetHints":{"allow":["GET"]}}],"collection":[{"href":"https:\/\/linitiative.ca\/International\/wp-json\/wp\/v2\/posts"}],"about":[{"href":"https:\/\/linitiative.ca\/International\/wp-json\/wp\/v2\/types\/post"}],"author":[{"embeddable":true,"href":"https:\/\/linitiative.ca\/International\/wp-json\/wp\/v2\/users\/1738"}],"replies":[{"embeddable":true,"href":"https:\/\/linitiative.ca\/International\/wp-json\/wp\/v2\/comments?post=110531"}],"version-history":[{"count":0,"href":"https:\/\/linitiative.ca\/International\/wp-json\/wp\/v2\/posts\/110531\/revisions"}],"wp:attachment":[{"href":"https:\/\/linitiative.ca\/International\/wp-json\/wp\/v2\/media?parent=110531"}],"wp:term":[{"taxonomy":"category","embeddable":true,"href":"https:\/\/linitiative.ca\/International\/wp-json\/wp\/v2\/categories?post=110531"},{"taxonomy":"post_tag","embeddable":true,"href":"https:\/\/linitiative.ca\/International\/wp-json\/wp\/v2\/tags?post=110531"}],"curies":[{"name":"wp","href":"https:\/\/api.w.org\/{rel}","templated":true}]}}