{"id":110532,"date":"2021-02-03T15:14:16","date_gmt":"2021-02-03T20:14:16","guid":{"rendered":"https:\/\/linitiative.ca\/International\/pros-montpellier-andy-delort-semporte-contre-le-journal-lequipe\/"},"modified":"2021-02-03T15:14:16","modified_gmt":"2021-02-03T20:14:16","slug":"pros-montpellier-andy-delort-semporte-contre-le-journal-lequipe","status":"publish","type":"post","link":"https:\/\/linitiative.ca\/International\/pros-montpellier-andy-delort-semporte-contre-le-journal-lequipe\/","title":{"rendered":"Pros : Montpellier: Andy Delort s&#8217;emporte contre le journal L&rsquo;Equipe"},"content":{"rendered":"<div readability=\"32\">\n<p>Auteur : <span class=\"time\">mercredi 03 f\u00e9vrier 2021 17:03<\/span><\/p>\n<\/div>\n<div id=\"post_core\" readability=\"45\">\n<p>Andy Delort n&rsquo;a pas tard\u00e9 \u00e0 r\u00e9agir \u00e0 l&rsquo;article paru ce mercredi par le journal L&rsquo;Equipe sur la situation de Montpellier. Outre la question de l&rsquo;avenir de l&rsquo;entra\u00eeneur Michel Der Zakarian, en fin de contrat en juin prochain et susceptible d&rsquo;\u00eatre remplac\u00e9 par Bruno Genesio, le quotidien pointe du doigt la pr\u00e9paration physique du club h\u00e9raultais et fait savoir que plusieurs joueurs se sont attach\u00e9s les services d&rsquo;un pr\u00e9parateur physique personnel pour compenser un manque de travail au quotidien, et ce alors que le MHSC (11e) ne gagne plus depuis huit matches avant un d\u00e9placement \u00e0 Metz mercredi soir (23e journ\u00e9e de Ligue 1). Parmi les joueurs cit\u00e9s, l&rsquo;attaquant alg\u00e9rien de 29 ans. Sur son compte Twitter, l&rsquo;ancien Toulousain a remis en cause ces r\u00e9v\u00e9lations. \u00ab\u00a0Je tiens \u00e0 d\u00e9mentir l&rsquo;article qui est sorti sur l&rsquo;Equipe, St\u00e9phane Paganelli est un tr\u00e8s tr\u00e8s bon pr\u00e9parateur. J&rsquo;ai toujours travaill\u00e9 en plus en dehors des s\u00e9ances avec le groupe, St\u00e9phane une personne que j&rsquo;estime beaucoup, je ne me permettrai jamais de dire du mal de lui. Je ne comprends pas comment on peut \u00e9crire un article comme \u00e7a !!! Mise \u00e0 part pour foutre la merde dans un club.\u00a0\u00bbrapporte Topmercato.com.<\/p>\n<p><strong>Publi\u00e9 dans :<\/strong> <span>Andy Delort<\/span><\/p>\n<\/div>\n<p>Auteur:<br \/>\n<a href=\"http:\/\/www.lebuteur.com\/article\/detail?titre=montpellier-andy-delort-semporte-contre-le-journal-lequipe&#038;id=98953&#038;utm_source=feedburner&#038;utm_medium=feed&#038;utm_campaign=Feed%3A+GalerieFArtciles+%28Les+derniers+articles++-+lebuteur.com%29\">Cliquez ici pour lire l&rsquo;article depuis sa source.<\/a><\/p>\n","protected":false},"excerpt":{"rendered":"<p>Auteur : mercredi 03 f\u00e9vrier 2021 17:03 Andy Delort n&rsquo;a pas tard\u00e9 \u00e0 r\u00e9agir \u00e0 l&rsquo;article paru ce mercredi par le journal L&rsquo;Equipe sur la situation de Montpellier. Outre la question de l&rsquo;avenir de l&rsquo;entra\u00eeneur Michel Der Zakarian, en fin de contrat en juin prochain et susceptible d&rsquo;\u00eatre remplac\u00e9 par Bruno Genesio, le quotidien pointe [&hellip;]<\/p>\n","protected":false},"author":1738,"featured_media":0,"comment_status":"closed","ping_status":"closed","sticky":false,"template":"","format":"standard","meta":{"fifu_image_url":"\/\/cdn.lebuteur.com\/data\/images\/article\/thumbs\/large-montpellier-andy-delort-semporte-contre-le-journal-lequipe-8f8c6.jpg","fifu_image_alt":"Pros : Montpellier: Andy Delort s'emporte contre le journal L'Equipe","footnotes":""},"categories":[53,75],"tags":[],"class_list":["post-110532","post","type-post","status-publish","format-standard","hentry","category-algerie","category-sport"],"_links":{"self":[{"href":"https:\/\/linitiative.ca\/International\/wp-json\/wp\/v2\/posts\/110532","targetHints":{"allow":["GET"]}}],"collection":[{"href":"https:\/\/linitiative.ca\/International\/wp-json\/wp\/v2\/posts"}],"about":[{"href":"https:\/\/linitiative.ca\/International\/wp-json\/wp\/v2\/types\/post"}],"author":[{"embeddable":true,"href":"https:\/\/linitiative.ca\/International\/wp-json\/wp\/v2\/users\/1738"}],"replies":[{"embeddable":true,"href":"https:\/\/linitiative.ca\/International\/wp-json\/wp\/v2\/comments?post=110532"}],"version-history":[{"count":0,"href":"https:\/\/linitiative.ca\/International\/wp-json\/wp\/v2\/posts\/110532\/revisions"}],"wp:attachment":[{"href":"https:\/\/linitiative.ca\/International\/wp-json\/wp\/v2\/media?parent=110532"}],"wp:term":[{"taxonomy":"category","embeddable":true,"href":"https:\/\/linitiative.ca\/International\/wp-json\/wp\/v2\/categories?post=110532"},{"taxonomy":"post_tag","embeddable":true,"href":"https:\/\/linitiative.ca\/International\/wp-json\/wp\/v2\/tags?post=110532"}],"curies":[{"name":"wp","href":"https:\/\/api.w.org\/{rel}","templated":true}]}}