{"id":110533,"date":"2021-02-03T03:37:00","date_gmt":"2021-02-03T08:37:00","guid":{"rendered":"https:\/\/linitiative.ca\/International\/lambassadeur-sahbi-basly-est-decede\/"},"modified":"2021-02-03T03:37:00","modified_gmt":"2021-02-03T08:37:00","slug":"lambassadeur-sahbi-basly-est-decede","status":"publish","type":"post","link":"https:\/\/linitiative.ca\/International\/lambassadeur-sahbi-basly-est-decede\/","title":{"rendered":"L\u2019ambassadeur Sahbi Basly est d\u00e9c\u00e9d\u00e9"},"content":{"rendered":"<p>M\u00e9decin de formation, gouverneur puis ambassadeur de carri\u00e8re, Dr Mohamed Sahbi Basly est d\u00e9c\u00e9d\u00e9 t\u00f4t ce matin, \u00e0 l\u2019\u00e2ge de 68 ans, dans une clinique de Tunis, ravi aux siens par la pand\u00e9mie.<\/p>\n<p>Encha\u00eenant de suite trois grandes ambassades, New Delhi, Madrid et P\u00e9kin, Dr Basly avait \u00e9t\u00e9 auparavant gouverneur de M\u00e9denine, puis Sfax, et directeur g\u00e9n\u00e9ral des Affaires politiques au minist\u00e8re de l\u2019Int\u00e9rieur.<\/p>\n<p>Membre de la Chambre de Conseiller, Dr Sahbi Basly avait <a href=\"https:\/\/www.leaders.com.tn\/article\/4423-le-dr-sahbi-basly-obtient-le-visa-pour-son-parti-al-mustakbel\" target=\"_blank\" rel=\"noopener\">fond\u00e9, en mars 2011 un parti politique, Al Mostakbel<\/a>, qu\u2019il avait fini par mettre en veilleuse.<\/p>\n<p>Ses douze ann\u00e9es pass\u00e9es en poste \u00e0 l\u2019\u00e9tranger avaient affin\u00e9 ses talents de n\u00e9gociateur dans les relations internationales, et de participant appr\u00e9ci\u00e9 \u00e0 de grands forums. Plus particuli\u00e8rement, sa connaissance de la Chine o\u00f9 il avait \u00e9t\u00e9 ambassadeur pendant cinq ans, lui avait permis de saisir des facettes int\u00e9ressantes des grands enjeux mondiaux.<\/p>\n<p>La plume alerte, le verbe soign\u00e9, et la pens\u00e9e toujours en \u00e9veil, Dr Sahbi Basly auteur de divers ouvrages et chroniques de presse, animait en outre des instances de <a href=\"https:\/\/www.leaders.com.tn\/article\/25416-dr-basly-mohamed-sahbi-la-tunisie-et-l-ambitieux-projet-la-ceinture-et-la-route\" target=\"_blank\" rel=\"noopener\">r\u00e9flexion sur la nouvelle Route de la Soie<\/a>, et des relations avec la Chine. Il avait \u00e9galement eu l\u2019initiative de fonder la Chambre de Commerce tuniso-chinoise.<br \/>Allah Yerhamou<\/p>\n<p><strong>Lire aussi<\/strong><\/p>\n<p><a href=\"https:\/\/www.leaders.com.tn\/article\/30139-basly-mohamed-sahbi-un-nouveau-style-de-gouvernance-mondiale\" target=\"_blank\" rel=\"noopener\">Sahbi Basly : Un nouveau style de gouvernance mondiale<\/a><\/p>\n<p><a href=\"https:\/\/www.leaders.com.tn\/article\/30889-mohamed-sahbi-basly-elections-americaines-quelles-perspectives\" target=\"_blank\" rel=\"noopener\">Mohamed Sahbi Basly &#8211; \u00c9lections Am\u00e9ricaines : Quelles perspectives ?<\/a><\/p>\n<p><a href=\"https:\/\/www.leaders.com.tn\/article\/10025-sahbi-basly-livre-ses-memoires\" target=\"_blank\" rel=\"noopener\">Sahbi Basly livre ses m\u00e9moires<\/a><\/p>\n<p><a href=\"https:\/\/www.leaders.com.tn\/article\/29028-mohamed-sahbi-basly-kaies-saied-et-la-diplomatie-du-xxi-siecle\" target=\"_blank\" rel=\"noopener\">Mohamed Sahbi Basly : Kaies Saied et la diplomatie du XXI si\u00e8cle<\/a><\/p>\n<p><a href=\"https:\/\/www.leaders.com.tn\/article\/5904-sahbi-basly-la-femme-tunisienne-le-meilleur-rempart-contre-l-obscurantisme\" target=\"_blank\" rel=\"noopener\">Sahbi Basly : \u00ab\u00a0la femme tunisienne, le meilleur rempart contre l&rsquo;obscurantisme\u00a0\u00bb<\/a><\/p>\n<p><a href=\"https:\/\/www.leaders.com.tn\/article\/29798-dr-mohamed-sahbi-ou-va-le-monde-qu-est-qui-va-changer\" target=\"_blank\" rel=\"noopener\">Dr Mohamed Sahbi Basly : O\u00f9 va le monde? Qu\u2019est-ce qui va changer&#8230;!<\/a><\/p>\n<p><a href=\"https:\/\/www.leaders.com.tn\/article\/25416-dr-basly-mohamed-sahbi-la-tunisie-et-l-ambitieux-projet-la-ceinture-et-la-route\" target=\"_blank\" rel=\"noopener\">Dr Basly Mohamed Sahbi: La Tunisie et l\u2019ambitieux projet de \u00abla Route de la soie\u00bb<\/a><\/p>\n<p><a href=\"https:\/\/www.leaders.com.tn\/article\/4423-le-dr-sahbi-basly-obtient-le-visa-pour-son-parti-al-mustakbel\" target=\"_blank\" rel=\"noopener\">Le Dr Sahbi Basly obtient le visa pour son parti Al Mustakbel<\/a><\/p>\n<p><a href=\"https:\/\/www.leaders.com.tn\/article\/7021-sahbi-basly-et-faouzi-elloumi-fusionnent-leurs-partis\" target=\"_blank\" rel=\"noopener\">Sahbi Basly et Faouzi Elloumi fusionnent leurs partis<\/a><\/p>\n<p>Auteur:<br \/>\n<a href=\"https:\/\/www.leaders.com.tn\/article\/31371-l-ambassadeur-sahbi-basly-est-decede\">Cliquez ici pour lire l&rsquo;article depuis sa source.<\/a><\/p>\n","protected":false},"excerpt":{"rendered":"<p>M\u00e9decin de formation, gouverneur puis ambassadeur de carri\u00e8re, Dr Mohamed Sahbi Basly est d\u00e9c\u00e9d\u00e9 t\u00f4t ce matin, \u00e0 l\u2019\u00e2ge de 68 ans, dans une clinique de Tunis, ravi aux siens par la pand\u00e9mie. Encha\u00eenant de suite trois grandes ambassades, New Delhi, Madrid et P\u00e9kin, Dr Basly avait \u00e9t\u00e9 auparavant gouverneur de M\u00e9denine, puis Sfax, et [&hellip;]<\/p>\n","protected":false},"author":1772,"featured_media":0,"comment_status":"closed","ping_status":"closed","sticky":false,"template":"","format":"standard","meta":{"fifu_image_url":"","fifu_image_alt":"","footnotes":""},"categories":[73,55],"tags":[],"class_list":["post-110533","post","type-post","status-publish","format-standard","hentry","category-actualite","category-tunisie"],"_links":{"self":[{"href":"https:\/\/linitiative.ca\/International\/wp-json\/wp\/v2\/posts\/110533","targetHints":{"allow":["GET"]}}],"collection":[{"href":"https:\/\/linitiative.ca\/International\/wp-json\/wp\/v2\/posts"}],"about":[{"href":"https:\/\/linitiative.ca\/International\/wp-json\/wp\/v2\/types\/post"}],"author":[{"embeddable":true,"href":"https:\/\/linitiative.ca\/International\/wp-json\/wp\/v2\/users\/1772"}],"replies":[{"embeddable":true,"href":"https:\/\/linitiative.ca\/International\/wp-json\/wp\/v2\/comments?post=110533"}],"version-history":[{"count":0,"href":"https:\/\/linitiative.ca\/International\/wp-json\/wp\/v2\/posts\/110533\/revisions"}],"wp:attachment":[{"href":"https:\/\/linitiative.ca\/International\/wp-json\/wp\/v2\/media?parent=110533"}],"wp:term":[{"taxonomy":"category","embeddable":true,"href":"https:\/\/linitiative.ca\/International\/wp-json\/wp\/v2\/categories?post=110533"},{"taxonomy":"post_tag","embeddable":true,"href":"https:\/\/linitiative.ca\/International\/wp-json\/wp\/v2\/tags?post=110533"}],"curies":[{"name":"wp","href":"https:\/\/api.w.org\/{rel}","templated":true}]}}