{"id":110534,"date":"2021-02-03T04:14:00","date_gmt":"2021-02-03T09:14:00","guid":{"rendered":"https:\/\/linitiative.ca\/International\/le-general-ammar-avait-il-cache-des-donnees-militaires-au-president-marzouki\/"},"modified":"2021-02-03T04:14:00","modified_gmt":"2021-02-03T09:14:00","slug":"le-general-ammar-avait-il-cache-des-donnees-militaires-au-president-marzouki","status":"publish","type":"post","link":"https:\/\/linitiative.ca\/International\/le-general-ammar-avait-il-cache-des-donnees-militaires-au-president-marzouki\/","title":{"rendered":"Le g\u00e9n\u00e9ral Ammar avait-il cach\u00e9 des donn\u00e9es militaires au pr\u00e9sident Marzouki ?"},"content":{"rendered":"<p>La r\u00e9tention de l\u2019information vis-\u00e0-vis de la Tro\u00efka, alors au pouvoir d\u00e8s fin 2011 \u00e9tait une pratique syst\u00e9matique exerc\u00e9e par l\u2019\u00c9tat profond, administration, forces de s\u00e9curit\u00e9 et institution militaire, estime Adnen Manser. L\u2019ancien directeur de cabinet du pr\u00e9sident de la R\u00e9publique provisoire, Moncef Marzouki (2011-2014), le d\u00e9taille dans un livre intitul\u00e9 <em>Les Ann\u00e9es de sable<\/em> (\u00c9ditions Sotum\u00e9dia). \u00c9voquant <em>\u00abun \u00c9tat cadenass\u00e9\u00bb<\/em>, il livre de nombreux exemples. <em>\u00abLes rapports mensuels,<\/em> \u00e9crit-il, <em>adress\u00e9s par l\u2019\u00e9tat-major de l\u2019Arm\u00e9e \u00e0 la Pr\u00e9sidence sur la situation au sein de l\u2019institution militaire et les fronti\u00e8res, j\u2019en \u00e9tais persuad\u00e9, \u00e9taient r\u00e9dig\u00e9s de telle mani\u00e8re qu\u2019ils soient sans int\u00e9r\u00eat et maintiennent la Pr\u00e9sidence dans un \u00e9tat de c\u00e9cit\u00e9 strat\u00e9gique et tactique vis-\u00e0-vis de l\u2019arm\u00e9e, la r\u00e9alit\u00e9 et les programmes.\u00bb<\/em><\/p>\n<p>Selon Manser, l\u2019institution militaire, hiss\u00e9e au premier plan, au lendemain du 14 janvier 2011, a pris une grande dimension, devenant une institution autonome en soi, sous le commandement d\u2019un chef qui l\u2019a mise sous sa coupe, loin du regard des politiques. Port\u00e9 au pouvoir, Ennahdha a maintenu cet \u00e9tat de fait, par souci de stabilisation du commandement, reconduisant le ministre Zbidi et le g\u00e9n\u00e9ral Ammar dans leurs fonctions. Indirectement, l\u2019auteur laisse entendre, comme facteur favorable, des consid\u00e9rations r\u00e9gionalistes, le ministre et le chef militaire \u00e9tant tous deux originaires, comme le chef du gouvernement, Hamadi Jebali, du Sahel\u2026Une explication peu plausible.<\/p>\n<p>Adnene Manser \u00e9voque une gestion des promotions, nominations et d\u00e9ploiements op\u00e9rationnels \u00e9chappant \u00e0 tout contr\u00f4le. Il souligne une accointance totale avec le gouvernement de Hamadi Jebali, tenant le pr\u00e9sident Marzouki hors de la boucle d\u2019information et de d\u00e9cision. Multipliant les griefs contre le g\u00e9n\u00e9ral Rachid Ammar, il mentionne particuli\u00e8rement les conditions d\u2019extradition de l\u2019ancien chef du gouvernement libyen, Baghdadi Mahmoudi, qui n\u2019aurait pu s\u2019accomplir, selon lui, dans sa planification et son ex\u00e9cution, sans une couverture de l\u2019institution militaire.<\/p>\n<p>Outre ce chapitre, le livre de l\u2019ancien directeur de cabinet de Marzouki, historien \u00e0 la plume facile et \u00e0 l\u2019argumentation document\u00e9e, est int\u00e9ressant \u00e0 lire. Le regard crois\u00e9 de l\u2019universitaire, propuls\u00e9 au cockpit de la Pr\u00e9sidence et nomm\u00e9 porte-parole de Carthage, puis directeur de la campagne \u00e9lectorale de Marzouki en 2014, m\u00e9rite lecture.<br \/>\u00a0<\/p>\n<p>Auteur:<br \/>\n<a href=\"https:\/\/www.leaders.com.tn\/article\/31372-le-general-ammar-avait-il-cache-des-donnees-militaires-au-president-marzouki\">Cliquez ici pour lire l&rsquo;article depuis sa source.<\/a><\/p>\n","protected":false},"excerpt":{"rendered":"<p>La r\u00e9tention de l\u2019information vis-\u00e0-vis de la Tro\u00efka, alors au pouvoir d\u00e8s fin 2011 \u00e9tait une pratique syst\u00e9matique exerc\u00e9e par l\u2019\u00c9tat profond, administration, forces de s\u00e9curit\u00e9 et institution militaire, estime Adnen Manser. L\u2019ancien directeur de cabinet du pr\u00e9sident de la R\u00e9publique provisoire, Moncef Marzouki (2011-2014), le d\u00e9taille dans un livre intitul\u00e9 Les Ann\u00e9es de sable [&hellip;]<\/p>\n","protected":false},"author":1772,"featured_media":0,"comment_status":"closed","ping_status":"closed","sticky":false,"template":"","format":"standard","meta":{"fifu_image_url":"","fifu_image_alt":"","footnotes":""},"categories":[73,55],"tags":[],"class_list":["post-110534","post","type-post","status-publish","format-standard","hentry","category-actualite","category-tunisie"],"_links":{"self":[{"href":"https:\/\/linitiative.ca\/International\/wp-json\/wp\/v2\/posts\/110534","targetHints":{"allow":["GET"]}}],"collection":[{"href":"https:\/\/linitiative.ca\/International\/wp-json\/wp\/v2\/posts"}],"about":[{"href":"https:\/\/linitiative.ca\/International\/wp-json\/wp\/v2\/types\/post"}],"author":[{"embeddable":true,"href":"https:\/\/linitiative.ca\/International\/wp-json\/wp\/v2\/users\/1772"}],"replies":[{"embeddable":true,"href":"https:\/\/linitiative.ca\/International\/wp-json\/wp\/v2\/comments?post=110534"}],"version-history":[{"count":0,"href":"https:\/\/linitiative.ca\/International\/wp-json\/wp\/v2\/posts\/110534\/revisions"}],"wp:attachment":[{"href":"https:\/\/linitiative.ca\/International\/wp-json\/wp\/v2\/media?parent=110534"}],"wp:term":[{"taxonomy":"category","embeddable":true,"href":"https:\/\/linitiative.ca\/International\/wp-json\/wp\/v2\/categories?post=110534"},{"taxonomy":"post_tag","embeddable":true,"href":"https:\/\/linitiative.ca\/International\/wp-json\/wp\/v2\/tags?post=110534"}],"curies":[{"name":"wp","href":"https:\/\/api.w.org\/{rel}","templated":true}]}}