{"id":110537,"date":"2021-02-03T08:49:00","date_gmt":"2021-02-03T13:49:00","guid":{"rendered":"https:\/\/linitiative.ca\/International\/quatre-militaires-trouvent-la-mort-dans-lexplosion-dune-mine-artisanale-au-mont-mghira\/"},"modified":"2021-02-03T08:49:00","modified_gmt":"2021-02-03T13:49:00","slug":"quatre-militaires-trouvent-la-mort-dans-lexplosion-dune-mine-artisanale-au-mont-mghira","status":"publish","type":"post","link":"https:\/\/linitiative.ca\/International\/quatre-militaires-trouvent-la-mort-dans-lexplosion-dune-mine-artisanale-au-mont-mghira\/","title":{"rendered":"Quatre militaires trouvent la mort dans l&rsquo;explosion d&rsquo;une mine artisanale au mont Mghira"},"content":{"rendered":"<p>Quatre militaires ont trouv\u00e9 la mort\u00a0 ce mercredi 3 f\u00e9vrier sur le mont Mghira \u00e0 Kasserine dans l&rsquo;explosion d&rsquo;une mine artisanale alors qu&rsquo;is traquaient des terroristes, c&rsquo;est ce qu&rsquo;a annonc\u00e9 le commandant Zekri porte-parole du minist\u00e8re de la D\u00e9fense.<\/p>\n<p>Auteur:<br \/>\n<a href=\"https:\/\/www.leaders.com.tn\/article\/31375-4-militaires-tues-lors-d-un-explosion-d-une-mine-artisanale-au-mont-mghira\">Cliquez ici pour lire l&rsquo;article depuis sa source.<\/a><\/p>\n","protected":false},"excerpt":{"rendered":"<p>Quatre militaires ont trouv\u00e9 la mort\u00a0 ce mercredi 3 f\u00e9vrier sur le mont Mghira \u00e0 Kasserine dans l&rsquo;explosion d&rsquo;une mine artisanale alors qu&rsquo;is traquaient des terroristes, c&rsquo;est ce qu&rsquo;a annonc\u00e9 le commandant Zekri porte-parole du minist\u00e8re de la D\u00e9fense. Auteur: Cliquez ici pour lire l&rsquo;article depuis sa source.<\/p>\n","protected":false},"author":1772,"featured_media":0,"comment_status":"closed","ping_status":"closed","sticky":false,"template":"","format":"standard","meta":{"fifu_image_url":"","fifu_image_alt":"","footnotes":""},"categories":[73,55],"tags":[],"class_list":["post-110537","post","type-post","status-publish","format-standard","hentry","category-actualite","category-tunisie"],"_links":{"self":[{"href":"https:\/\/linitiative.ca\/International\/wp-json\/wp\/v2\/posts\/110537","targetHints":{"allow":["GET"]}}],"collection":[{"href":"https:\/\/linitiative.ca\/International\/wp-json\/wp\/v2\/posts"}],"about":[{"href":"https:\/\/linitiative.ca\/International\/wp-json\/wp\/v2\/types\/post"}],"author":[{"embeddable":true,"href":"https:\/\/linitiative.ca\/International\/wp-json\/wp\/v2\/users\/1772"}],"replies":[{"embeddable":true,"href":"https:\/\/linitiative.ca\/International\/wp-json\/wp\/v2\/comments?post=110537"}],"version-history":[{"count":0,"href":"https:\/\/linitiative.ca\/International\/wp-json\/wp\/v2\/posts\/110537\/revisions"}],"wp:attachment":[{"href":"https:\/\/linitiative.ca\/International\/wp-json\/wp\/v2\/media?parent=110537"}],"wp:term":[{"taxonomy":"category","embeddable":true,"href":"https:\/\/linitiative.ca\/International\/wp-json\/wp\/v2\/categories?post=110537"},{"taxonomy":"post_tag","embeddable":true,"href":"https:\/\/linitiative.ca\/International\/wp-json\/wp\/v2\/tags?post=110537"}],"curies":[{"name":"wp","href":"https:\/\/api.w.org\/{rel}","templated":true}]}}