{"id":110538,"date":"2021-02-03T10:22:03","date_gmt":"2021-02-03T15:22:03","guid":{"rendered":"https:\/\/linitiative.ca\/International\/vrai-ou-fake-sur-la-covid-19-au-maroc-mercredi-3-fevrier\/"},"modified":"2021-02-03T10:22:03","modified_gmt":"2021-02-03T15:22:03","slug":"vrai-ou-fake-sur-la-covid-19-au-maroc-mercredi-3-fevrier","status":"publish","type":"post","link":"https:\/\/linitiative.ca\/International\/vrai-ou-fake-sur-la-covid-19-au-maroc-mercredi-3-fevrier\/","title":{"rendered":"Vrai ou Fake sur la Covid-19 au Maroc, mercredi 3 f\u00e9vrier"},"content":{"rendered":"<p><strong>Le coronavirus, qui a contamin\u00e9 plus de 103 millions de personnes dans le monde, est \u00e0 l\u2019origine d\u2019un flot de Fake news relay\u00e9es par des sites d\u2019information et sur les r\u00e9seaux sociaux.<\/strong><\/p>\n<div class=\"c10\"\/>\n<p>\u2013 Le Maroc a d\u00e9j\u00e0 franchi le cap des 200.000 personnes vaccin\u00e9es contre le coronavirus depuis le lancement de la campagne nationale. <strong>VRAI\u00a0\u00a0\u00a0<\/strong><\/p>\n<p>\u2013 Les personnes ayant \u00e9t\u00e9 vaccin\u00e9es contre la grippe saisonni\u00e8re ne peuvent pas b\u00e9n\u00e9ficier de la vaccination anti-Covid-19.\u00a0<strong>FAKE<\/strong><\/p>\n<p>\u2013 Vaccination d\u2019une personne non-prioritaire contre la Covid-19 au si\u00e8ge de la pr\u00e9fecture d\u2019arrondissements d\u2019Al-Fida-Mers Sultan. <strong>VRAI<\/strong><\/p>\n<p><strong>Lire aussi |\u00a0<a rel=\"noreferrer noopener\" href=\"https:\/\/www.challenge.ma\/campagne-de-vaccination-le-satisfecit-de-khalid-ait-taleb-174103\/\" target=\"_blank\">Campagne de vaccination : le satisf\u00e9cit de Khalid Ait Taleb<\/a><\/strong><\/p>\n<p>\u2013 Le Maroc est le pays le plus touch\u00e9 par la Covid en Afrique.\u00a0<strong>FAKE<\/strong><\/p>\n<p>\u2013 La pand\u00e9mie de coronavirus a fait au moins 2.255.754 morts dans le monde depuis son apparition.\u00a0<strong>VRAI<\/strong><\/p>\n<p>\u2013 Les plages et les salles de f\u00eate vont rouvrir \u00e0 Casablanca suite \u00e0 la stabilisation de la situation \u00e9pid\u00e9miologique dans la ville.\u00a0<strong>FAKE<\/strong><\/p>\n<p><strong>Lire aussi |\u00a0<a rel=\"noreferrer noopener\" href=\"https:\/\/www.challenge.ma\/hydrogene-vert-le-maroc-renforce-sa-cooperation-avec-le-portugal-174045\/\" target=\"_blank\">Hydrog\u00e8ne vert : le Maroc renforce sa coop\u00e9ration avec le Portugal<\/a><\/strong><\/p>\n<p>Auteur: Hajar DARI<br \/>\n<a href=\"https:\/\/www.challenge.ma\/vrai-ou-fake-sur-la-covid-19-au-maroc-mercredi-3-fevrier-174130\/\">Cliquez ici pour lire l&rsquo;article depuis sa source.<\/a><\/p>\n","protected":false},"excerpt":{"rendered":"<p>Le coronavirus, qui a contamin\u00e9 plus de 103 millions de personnes dans le monde, est \u00e0 l\u2019origine d\u2019un flot de Fake news relay\u00e9es par des sites d\u2019information et sur les r\u00e9seaux sociaux. \u2013 Le Maroc a d\u00e9j\u00e0 franchi le cap des 200.000 personnes vaccin\u00e9es contre le coronavirus depuis le lancement de la campagne nationale. VRAI\u00a0\u00a0\u00a0 [&hellip;]<\/p>\n","protected":false},"author":1787,"featured_media":0,"comment_status":"closed","ping_status":"closed","sticky":false,"template":"","format":"standard","meta":{"fifu_image_url":"","fifu_image_alt":"","footnotes":""},"categories":[78,54],"tags":[],"class_list":["post-110538","post","type-post","status-publish","format-standard","hentry","category-economie","category-maroc"],"_links":{"self":[{"href":"https:\/\/linitiative.ca\/International\/wp-json\/wp\/v2\/posts\/110538","targetHints":{"allow":["GET"]}}],"collection":[{"href":"https:\/\/linitiative.ca\/International\/wp-json\/wp\/v2\/posts"}],"about":[{"href":"https:\/\/linitiative.ca\/International\/wp-json\/wp\/v2\/types\/post"}],"author":[{"embeddable":true,"href":"https:\/\/linitiative.ca\/International\/wp-json\/wp\/v2\/users\/1787"}],"replies":[{"embeddable":true,"href":"https:\/\/linitiative.ca\/International\/wp-json\/wp\/v2\/comments?post=110538"}],"version-history":[{"count":0,"href":"https:\/\/linitiative.ca\/International\/wp-json\/wp\/v2\/posts\/110538\/revisions"}],"wp:attachment":[{"href":"https:\/\/linitiative.ca\/International\/wp-json\/wp\/v2\/media?parent=110538"}],"wp:term":[{"taxonomy":"category","embeddable":true,"href":"https:\/\/linitiative.ca\/International\/wp-json\/wp\/v2\/categories?post=110538"},{"taxonomy":"post_tag","embeddable":true,"href":"https:\/\/linitiative.ca\/International\/wp-json\/wp\/v2\/tags?post=110538"}],"curies":[{"name":"wp","href":"https:\/\/api.w.org\/{rel}","templated":true}]}}