{"id":110540,"date":"2021-02-03T10:57:48","date_gmt":"2021-02-03T15:57:48","guid":{"rendered":"https:\/\/linitiative.ca\/International\/amine-diouri-la-vaccination-de-la-totalite-de-la-population-est-un-prealable-a-une-reprise-normale-de-lactivite-des-entreprises\/"},"modified":"2021-02-03T10:57:48","modified_gmt":"2021-02-03T15:57:48","slug":"amine-diouri-la-vaccination-de-la-totalite-de-la-population-est-un-prealable-a-une-reprise-normale-de-lactivite-des-entreprises","status":"publish","type":"post","link":"https:\/\/linitiative.ca\/International\/amine-diouri-la-vaccination-de-la-totalite-de-la-population-est-un-prealable-a-une-reprise-normale-de-lactivite-des-entreprises\/","title":{"rendered":"Amine Diouri  :  \u00ab La vaccination de la totalit\u00e9 de la population est un pr\u00e9alable \u00e0 une reprise normale de l\u2019activit\u00e9 des entreprises \u00bb"},"content":{"rendered":"<p><strong>Le cabinet Inforisk vient de publier son rapport sur l\u2019impact du Covid-19 sur les d\u00e9faillances d\u2019entreprises en 2020. Amine Diouri, Responsable Programme Inforisk Dun Trade, \u00e9galement Directeur Etudes &amp; Communication chez Inforisk, nous livre les enseignements de ce rapport dans les moindres d\u00e9tails et partage aussi ses projections pour l\u2019\u00e9conomie marocaine en 2021.<\/strong><\/p>\n<div class=\"c10\"\/>\n<p><strong>Challenge\u00a0: Quels sont les principaux constats \u00e0 tirer de ce nouveau rapport sur l\u2019impact du COVID sur les entreprises marocaines ?<\/strong><\/p>\n<p><strong>Amine Diouri<\/strong>\u00a0: Plusieurs points sont \u00e0 retenir, la plus importante \u00e9tant que les d\u00e9faillances 2020 auront baiss\u00e9 \u00e0 un niveau jamais atteint auparavant : 6.612 d\u00e9faillances repr\u00e9sentant une diminution de 21% par rapport \u00e0 2019. Ce chiffre est bien \u00e9videmment paradoxal car jamais les entreprises n\u2019auront autant souffert que durant la crise Covid. Autre cons\u00e9quence de cette baisse historique\u00a0: le ratio Cr\u00e9ations\/D\u00e9faillances s\u2019am\u00e9liore nettement en 2020. Ainsi, une entreprise cr\u00e9\u00e9e couvrait sept d\u00e9faillances, contre seulement 5 en 2019.<\/p>\n<p><strong>Lire aussi| <a href=\"https:\/\/www.challenge.ma\/campagne-de-vaccination-le-satisfecit-de-khalid-ait-taleb-174103\/\">Campagne de vaccination : le satisf\u00e9cit de Khalid Ait Taleb<\/a><\/strong><\/p>\n<p><strong>Challenge\u00a0: Selon le rapport, les d\u00e9faillances ont baiss\u00e9 en 2020, en pleine pand\u00e9mie et crise \u00e9conomique. Quels sont les facteurs qui expliquent cela ?\u00a0<\/strong><\/p>\n<p><strong>AD<\/strong>\u00a0: Intuitivement, nous nous attendions \u00e0 une hausse exceptionnelle des d\u00e9faillances en 2020. Mais ce ne fut pas le cas. Cette anomalie n\u2019est pas propre au Maroc, car en France, les d\u00e9faillances sont en baisses de 40%\u00a0! Plusieurs explications \u00e0 cela. Tout d\u2019abord, l\u2019activit\u00e9 r\u00e9duite des tribunaux de commerce pendant quasiment 6 mois, entre mars et fin aout 2020. A partir de septembre, un \u00ab\u00a0stock\u00a0\u00bb de proc\u00e9dure a d\u00fb \u00eatre rattrap\u00e9. D\u2019autre part, les aides de l\u2019Etat en 2020 (Damane, Indemnit\u00e9s CNSS, Reports de cr\u00e9dits) ont maintenu sous perfusion un grand nombre d\u2019entreprises. Maintenant, ce n\u2019est pas parce que les d\u00e9faillances n\u2019ont pas explos\u00e9 en 2020, que les entreprises n\u2019ont pas ressenti les effets de la crise Covid\u00a0: baisse importante de leur CA en 2020, forte augmentation des retards de paiement. Pour survivre, elles ont d\u00fb s\u2019adapter : r\u00e9duction du temps de travail, t\u00e9l\u00e9travail, arr\u00eat temporaire d\u2019activit\u00e9 voire m\u00eame licenciement, avec parfois des r\u00e9ductions drastiques d\u2019effectifs.<\/p>\n<p><strong>Challenge\u00a0: Quel sera l\u2019impact de la vaccination anti-covid sur la vie des entreprises et de l\u2019\u00e9conomie nationale \u00e0 votre avis ?\u00a0<\/strong><\/p>\n<p><strong>AD<\/strong>\u00a0: La vaccination de la totalit\u00e9 de la population est un pr\u00e9alable \u00e0 une reprise normale de l\u2019activit\u00e9 \u00e9conomique des entreprises et \u00e0 une acc\u00e9l\u00e9ration forte de la croissance de notre PIB (au-del\u00e0 des 4% de croissance du PIB). La question n\u2019est pas pour moi celle de son impact mais plut\u00f4t celle de la fin du calendrier vaccinal. Serait-ce \u00e0 la fin du 1<sup>er<\/sup> semestre ou plut\u00f4t vers la fin du second semestre\u00a0? La r\u00e9ponse \u00e0 cette question n\u2019est pas \u00e9vidente aujourd\u2019hui. Il y a une course au vaccin \u00e0 travers le monde. Les pays riches jouent sur leur poids g\u00e9opolitique pour recevoir en premier leurs vaccins. Comment nous situerons-nous dans cette course\u00a0? Telle est la vraie question.\u00a0<\/p>\n<p><strong>Lire aussi| <a href=\"https:\/\/www.challenge.ma\/le-groupe-ozone-environnement-services-prend-le-large-173627\/\">Le groupe Ozone Environnement &amp; Services prend le large<\/a><\/strong><\/p>\n<p><strong>Challenge\u00a0: Quelles projections faites-vous sur 2021 en termes de d\u00e9faillance d\u2019entreprises vu la conjoncture actuelle ?<\/strong><\/p>\n<p><strong>AD<\/strong>\u00a0: 2021 sera une ann\u00e9e difficile en termes de d\u00e9faillances d\u2019entreprises, avec un effet \u00ab\u00a0Rattrapage\u00a0\u00bb \u00e0 l\u2019\u0153uvre. Plusieurs raisons expliquent cela. Tout d\u2019abord, il y a toujours un fort niveau d\u2019incertitude en ce d\u00e9but d\u2019ann\u00e9e sur l\u2019\u00e9volution de l\u2019activit\u00e9 en 2021, que ce soit sur le march\u00e9 local ou sur les march\u00e9s ext\u00e9rieurs. Par ailleurs, cette ann\u00e9e marquera la fin des aides directes de l\u2019Etat aux entreprises, notamment avec l\u2019arr\u00eat de la distribution des cr\u00e9dits Damane Relance\/TPE. Pire encore, elles vont devoir commencer \u00e0 rembourser leurs anciennes dettes r\u00e9\u00e9chelonn\u00e9es ou des nouveaux cr\u00e9dits Damane contract\u00e9s en 2020. En clair, la perfusion sera enlev\u00e9e et beaucoup d\u2019entreprises sentiront les effets sur leur tr\u00e9sorerie, d\u00e9j\u00e0 mise \u00e0 mal par la crise du Covid-19. Pour rappel, selon la derni\u00e8re \u00e9tude du HCP, pr\u00e8s de 50% des entreprises ont moins de un mois de tr\u00e9sorerie.<\/p>\n<p>Auteur: challenge<br \/>\n<a href=\"https:\/\/www.challenge.ma\/amine-diouri-la-vaccination-de-la-totalite-de-la-population-est-un-prealable-a-une-reprise-normale-de-lactivite-des-entreprises-174149\/\">Cliquez ici pour lire l&rsquo;article depuis sa source.<\/a><\/p>\n","protected":false},"excerpt":{"rendered":"<p>Le cabinet Inforisk vient de publier son rapport sur l\u2019impact du Covid-19 sur les d\u00e9faillances d\u2019entreprises en 2020. Amine Diouri, Responsable Programme Inforisk Dun Trade, \u00e9galement Directeur Etudes &amp; Communication chez Inforisk, nous livre les enseignements de ce rapport dans les moindres d\u00e9tails et partage aussi ses projections pour l\u2019\u00e9conomie marocaine en 2021. Challenge\u00a0: Quels [&hellip;]<\/p>\n","protected":false},"author":1787,"featured_media":0,"comment_status":"closed","ping_status":"closed","sticky":false,"template":"","format":"standard","meta":{"fifu_image_url":"","fifu_image_alt":"","footnotes":""},"categories":[78,54],"tags":[],"class_list":["post-110540","post","type-post","status-publish","format-standard","hentry","category-economie","category-maroc"],"_links":{"self":[{"href":"https:\/\/linitiative.ca\/International\/wp-json\/wp\/v2\/posts\/110540","targetHints":{"allow":["GET"]}}],"collection":[{"href":"https:\/\/linitiative.ca\/International\/wp-json\/wp\/v2\/posts"}],"about":[{"href":"https:\/\/linitiative.ca\/International\/wp-json\/wp\/v2\/types\/post"}],"author":[{"embeddable":true,"href":"https:\/\/linitiative.ca\/International\/wp-json\/wp\/v2\/users\/1787"}],"replies":[{"embeddable":true,"href":"https:\/\/linitiative.ca\/International\/wp-json\/wp\/v2\/comments?post=110540"}],"version-history":[{"count":0,"href":"https:\/\/linitiative.ca\/International\/wp-json\/wp\/v2\/posts\/110540\/revisions"}],"wp:attachment":[{"href":"https:\/\/linitiative.ca\/International\/wp-json\/wp\/v2\/media?parent=110540"}],"wp:term":[{"taxonomy":"category","embeddable":true,"href":"https:\/\/linitiative.ca\/International\/wp-json\/wp\/v2\/categories?post=110540"},{"taxonomy":"post_tag","embeddable":true,"href":"https:\/\/linitiative.ca\/International\/wp-json\/wp\/v2\/tags?post=110540"}],"curies":[{"name":"wp","href":"https:\/\/api.w.org\/{rel}","templated":true}]}}