{"id":110541,"date":"2021-02-03T11:46:41","date_gmt":"2021-02-03T16:46:41","guid":{"rendered":"https:\/\/linitiative.ca\/International\/marche-des-voitures-neuves-bon-demarrage-des-ventes-a-fin-janvier\/"},"modified":"2021-02-03T11:46:41","modified_gmt":"2021-02-03T16:46:41","slug":"marche-des-voitures-neuves-bon-demarrage-des-ventes-a-fin-janvier","status":"publish","type":"post","link":"https:\/\/linitiative.ca\/International\/marche-des-voitures-neuves-bon-demarrage-des-ventes-a-fin-janvier\/","title":{"rendered":"March\u00e9 des voitures neuves : bon d\u00e9marrage des ventes \u00e0 fin janvier"},"content":{"rendered":"<p><strong>Les statistiques de l\u2019Association des importateurs de v\u00e9hicules au Maroc (AIVAM) viennent de tomber. Elles accr\u00e9ditent le fait que le march\u00e9 automobile des voitures neuves \u00e0 fin janvier 2021 est reparti sous de bons auspices, dans la mesure o\u00f9 les indicateurs sont dans le vert pour beaucoup d\u2019op\u00e9rateurs. De quoi leur apporter un peu de baume au c\u0153ur pour ce nouvel exercice commercial 2021 et faire oublier l<\/strong><strong>a baisse consid\u00e9rable des ventes en 2020, s\u2019expliquant principalement par la situation pand\u00e9mique li\u00e9e \u00e0 la covid-19.<\/strong> <strong>Reste \u00e0 savoir si ce bon d\u00e9marrage \u00e0 fin janvier tiendra la distance au fil des mois \u00e0 venir.<\/strong><\/p>\n<div class=\"c10\"\/>\n<p>C\u2019est un nouveau chapitre relatif au march\u00e9 des voitures neuves qui a d\u00e9but\u00e9 en ce d\u00e9but d\u2019ann\u00e9e 2021 et le moins que l\u2019on puisse dire, c\u2019est qu\u2019il s\u2019av\u00e8re r\u00e9jouissant pour certains. Et pour cause\u00a0; puisque le \u00a0nombre des immatriculations a atteint \u00e0 fin janvier dernier 13 335 unit\u00e9s, soit une progression de 6,65% par rapport \u00e0 la m\u00eame p\u00e9riode en 2020.<\/p>\n<p>Il faut dire que pour certains op\u00e9rateurs, le passage de 2020 \u00e0 2021 n\u2019a nullement modifi\u00e9 leur dynamique commerciale. En effet, ils ont maintenu plus que jamais leurs offres promotionnelles \u00e0 l\u2019attention de leurs clients. Faut-il ajouter aussi l\u2019effet nouveaut\u00e9, certains importateurs capitalisant sur des mod\u00e8les fra\u00eechement import\u00e9s et commercialis\u00e9s. Toujours est-il que l\u2019ann\u00e9e 2021 devrait \u00eatre rythm\u00e9e par de nombreux lancements, en plus des mod\u00e8les existants, qui b\u00e9n\u00e9ficieront \u00e0 n\u2019en point douter d\u2019offres exceptionnelles.<\/p>\n<p><strong>Lire aussi |<\/strong> <strong><a href=\"https:\/\/www.challenge.ma\/amine-diouri-la-vaccination-de-la-totalite-de-la-population-est-un-prealable-a-une-reprise-normale-de-lactivite-des-entreprises-174149\/\">Amine Diouri : \u00ab La vaccination de la totalit\u00e9 de la population est un pr\u00e9alable \u00e0 une reprise normale de l\u2019activit\u00e9 des entreprises \u00bb<\/a><\/strong><\/p>\n<p>Rappelons que lors d\u2019une r\u00e9cente conf\u00e9rence de l\u2019Aivam ayant trait au bilan automobile 2020, plusieurs op\u00e9rateurs du secteur se sont montr\u00e9s optimistes quant \u00e0 un retour \u00e0 la croissance, malgr\u00e9 un contexte \u00e9conomique fragile. Outre l\u2019effet nouveaut\u00e9, le maintien de la subvention des taxis devrait peser favorablement dans la croissance.<\/p>\n<p>Si l\u2019on s\u2019en tient aux chiffres publi\u00e9s par l\u2019Aivam, le d\u00e9tail, le segment des v\u00e9hicules particuliers a enregistr\u00e9 11 679 immatriculations \u00e0 fin janvier, soit une progression de 4,38% alors que l\u2019utilitaire l\u00e9ger est \u00e0 1 656 unit\u00e9s \u00e9coul\u00e9es, soit une progression de 25,93%.<\/p>\n<p>Dans le top 3 des ventes de v\u00e9hicules particuliers, Dacia conserve son leadership avec 3 611 livraisons, soit une croissance de 6,46%. Malgr\u00e9 un recul de -13,86% compar\u00e9 \u00e0 janvier 2020, Renault se maintient sur la deuxi\u00e8me marche du podium avec 1 411 immatriculations. Hyundai surfe sur un trend haussier avec un volume de ventes de 1 089 unit\u00e9s, soit une progression de 17,22%. \u00c0 noter la belle progression d\u2019Opel qui grimpe \u00e0 la sixi\u00e8me place avec 511 v\u00e9hicules \u00e9coul\u00e9s le mois dernier, signant une croissance de 100,39%.<\/p>\n<p><strong>Le luxe toujours d\u2019aplomb<\/strong><\/p>\n<p>En ce d\u00e9but d\u2019ann\u00e9e, c\u2019est Audi qui r\u00e9alise la meilleure performance commerciale du mois, la marque aux anneaux ayant parfaitement capitalis\u00e9 sur les nombreuses nouveaut\u00e9s qui sont venues \u00e9mailler sa gamme de mod\u00e8les depuis ces trois derniers mois. Soit un volume de ventes de 233 unit\u00e9s, en hausse de 37,06%. BMW a \u00e9coul\u00e9 201 voitures, soit un l\u00e9ger recul de 5,19% compar\u00e9 \u00e0 la m\u00eame p\u00e9riode de l\u2019ann\u00e9e derni\u00e8re. C\u2019est Mercedes qui h\u00e9rite de la troisi\u00e8me marche du podium avec 178 immatriculations, soit un l\u00e9ger recul de 2,18%. Pour la petite pr\u00e9cision, Porsche qui n\u2019avait \u00e9coul\u00e9 que 16 unit\u00e9s en janvier 2020 a plus que tripl\u00e9 ses ventes, soit une cinquantaine de mod\u00e8les vendus le mois dernier. Comme quoi, le luxe ne conna\u00eet gu\u00e8re la crise.<\/p>\n<p><strong>Lire aussi | <a href=\"https:\/\/www.challenge.ma\/um6p-lafrica-business-school-accueille-la-5eme-promotion-de-son-executive-mba-174137\/\">UM6P : l\u2019Africa Business School accueille la 5\u00e8me promotion de son Executive MBA<\/a><\/strong><\/p>\n<p>Comme il fallait s\u2019y attendre, DFSK maintient ses bonnes performances sur le segment des utilitaires l\u00e9gers en ce d\u00e9but d\u2019ann\u00e9e avec 346 v\u00e9hicules c\u00e9d\u00e9s, soit un bond de 31,06%. La deuxi\u00e8me place \u00e9choit \u00e0 Ford qui totalise 192 livraisons, soit une hausse de 17,79%. Elle est suivie par Renault avec 186 immatriculations, en croissance de 50%.<\/p>\n<p>Reste \u00e0 voir comment \u00e9voluera le march\u00e9 automobile des voitures neuves dans les mois \u00e0 venir. Il va sans dire qu\u2019il devra tout de m\u00eame composer avec une \u00e9p\u00e9e de Damocl\u00e8s li\u00e9e \u00e0 la situation pand\u00e9mique qui influera d\u2019une mani\u00e8re ou d\u2019une autre tant sur l\u2019\u00e9conomie en g\u00e9n\u00e9ral que sur le budget des m\u00e9nages. Affaire \u00e0 suivre donc\u00a0!<\/p>\n<p>Auteur: David J\u00e9r\u00e9mie<br \/>\n<a href=\"https:\/\/www.challenge.ma\/marche-des-voitures-neuves-bon-demarrage-des-ventes-a-fin-janvier-174156\/\">Cliquez ici pour lire l&rsquo;article depuis sa source.<\/a><\/p>\n","protected":false},"excerpt":{"rendered":"<p>Les statistiques de l\u2019Association des importateurs de v\u00e9hicules au Maroc (AIVAM) viennent de tomber. Elles accr\u00e9ditent le fait que le march\u00e9 automobile des voitures neuves \u00e0 fin janvier 2021 est reparti sous de bons auspices, dans la mesure o\u00f9 les indicateurs sont dans le vert pour beaucoup d\u2019op\u00e9rateurs. De quoi leur apporter un peu de [&hellip;]<\/p>\n","protected":false},"author":1787,"featured_media":0,"comment_status":"closed","ping_status":"closed","sticky":false,"template":"","format":"standard","meta":{"fifu_image_url":"","fifu_image_alt":"","footnotes":""},"categories":[78,54],"tags":[],"class_list":["post-110541","post","type-post","status-publish","format-standard","hentry","category-economie","category-maroc"],"_links":{"self":[{"href":"https:\/\/linitiative.ca\/International\/wp-json\/wp\/v2\/posts\/110541","targetHints":{"allow":["GET"]}}],"collection":[{"href":"https:\/\/linitiative.ca\/International\/wp-json\/wp\/v2\/posts"}],"about":[{"href":"https:\/\/linitiative.ca\/International\/wp-json\/wp\/v2\/types\/post"}],"author":[{"embeddable":true,"href":"https:\/\/linitiative.ca\/International\/wp-json\/wp\/v2\/users\/1787"}],"replies":[{"embeddable":true,"href":"https:\/\/linitiative.ca\/International\/wp-json\/wp\/v2\/comments?post=110541"}],"version-history":[{"count":0,"href":"https:\/\/linitiative.ca\/International\/wp-json\/wp\/v2\/posts\/110541\/revisions"}],"wp:attachment":[{"href":"https:\/\/linitiative.ca\/International\/wp-json\/wp\/v2\/media?parent=110541"}],"wp:term":[{"taxonomy":"category","embeddable":true,"href":"https:\/\/linitiative.ca\/International\/wp-json\/wp\/v2\/categories?post=110541"},{"taxonomy":"post_tag","embeddable":true,"href":"https:\/\/linitiative.ca\/International\/wp-json\/wp\/v2\/tags?post=110541"}],"curies":[{"name":"wp","href":"https:\/\/api.w.org\/{rel}","templated":true}]}}