{"id":110542,"date":"2021-02-03T14:57:09","date_gmt":"2021-02-03T19:57:09","guid":{"rendered":"https:\/\/linitiative.ca\/International\/variants-du-covid-gsk-et-curevac-vont-developper-un-vaccin-specifique-dici-2022\/"},"modified":"2021-02-03T14:57:09","modified_gmt":"2021-02-03T19:57:09","slug":"variants-du-covid-gsk-et-curevac-vont-developper-un-vaccin-specifique-dici-2022","status":"publish","type":"post","link":"https:\/\/linitiative.ca\/International\/variants-du-covid-gsk-et-curevac-vont-developper-un-vaccin-specifique-dici-2022\/","title":{"rendered":"Variants du Covid :  GSK et  CureVac vont d\u00e9velopper un vaccin sp\u00e9cifique d\u2019ici 2022"},"content":{"rendered":"<p><strong>Le monde entier pourrait bient\u00f4t disposer d\u2019un vaccin sp\u00e9cifique contre les diff\u00e9rents variants du coronavirus (les variants britannique, br\u00e9silien et sud-africain). Le laboratoire pharmaceutique britannique GSK et l\u2019allemand CureVac ont, en effet, annonc\u00e9 le 3 f\u00e9vrier, qu\u2019ils vont s\u2019unir pour d\u00e9velopper un vaccin \u00e0 ARN messager contre les nouveaux variants du coronavirus avec l\u2019espoir d\u2019\u00eatre pr\u00eats pour 2022.<\/strong><\/p>\n<div class=\"c10\"\/>\n<p>Ce nouveau vaccin ciblera ainsi les variants qui \u00e9mergent d\u00e9j\u00e0 et ceux qui pourraient arriver par la suite, apprend-t-on. \u00ab\u00a0L\u2019\u00e9mergence de variants avec le risque de r\u00e9duire l\u2019efficacit\u00e9 des vaccins de premi\u00e8re g\u00e9n\u00e9ration contre le Covid-19 n\u00e9cessite que nous acc\u00e9l\u00e9rations les efforts pour avoir une longueur d\u2019avance sur la pand\u00e9mie\u00a0\u00bb, soulignent les deux laboratoires. Dans le d\u00e9tail, l\u2019accord pr\u00e9voit que GSK versera 150 millions d\u2019euros \u00e0 la start-up allemande, ce qui permettra au britannique de d\u00e9tenir les droits du nouveau vaccin dans tous les pays sauf l\u2019Allemagne, l\u2019Autriche et la Suisse.<\/p>\n<p><strong>Lire aussi| <a href=\"https:\/\/www.challenge.ma\/campagne-de-vaccination-le-satisfecit-de-khalid-ait-taleb-174103\/\">Campagne de vaccination : le satisf\u00e9cit de Khalid Ait Taleb<\/a><\/strong><\/p>\n<p>\u00a0\u00ab\u00a0Nous pensons que la prochaine g\u00e9n\u00e9ration de vaccin sera cruciale dans la lutte qui se poursuit contre le Covid-19\u00a0\u00bb, a indiqu\u00e9 Emma Walmsley, directrice g\u00e9n\u00e9rale de GSK. On note aussi que GSK va d\u2019abord aider cette ann\u00e9e \u00e0 la production d\u2019un premier vaccin d\u00e9j\u00e0 mis au point par CureVac et qui se trouve actuellement en phase 3 des essais cliniques. Pour rappel, le coronavirus a d\u00e9j\u00e0 fait plus de 2,2 millions de morts depuis l\u2019apparition de la pand\u00e9mie il y a maintenant un peu plus d\u2019un an.<\/p>\n<p><strong>Lire aussi| <a href=\"https:\/\/www.challenge.ma\/hydrogene-vert-le-maroc-renforce-sa-cooperation-avec-le-portugal-174045\/\">Hydrog\u00e8ne vert : le Maroc renforce sa coop\u00e9ration avec le Portugal<\/a><\/strong><\/p>\n<p>Auteur: challenge<br \/>\n<a href=\"https:\/\/www.challenge.ma\/variants-du-covid-gsk-et-curevac-vont-developper-un-vaccin-specifique-dici-2022-174180\/\">Cliquez ici pour lire l&rsquo;article depuis sa source.<\/a><\/p>\n","protected":false},"excerpt":{"rendered":"<p>Le monde entier pourrait bient\u00f4t disposer d\u2019un vaccin sp\u00e9cifique contre les diff\u00e9rents variants du coronavirus (les variants britannique, br\u00e9silien et sud-africain). Le laboratoire pharmaceutique britannique GSK et l\u2019allemand CureVac ont, en effet, annonc\u00e9 le 3 f\u00e9vrier, qu\u2019ils vont s\u2019unir pour d\u00e9velopper un vaccin \u00e0 ARN messager contre les nouveaux variants du coronavirus avec l\u2019espoir d\u2019\u00eatre [&hellip;]<\/p>\n","protected":false},"author":1787,"featured_media":0,"comment_status":"closed","ping_status":"closed","sticky":false,"template":"","format":"standard","meta":{"fifu_image_url":"","fifu_image_alt":"","footnotes":""},"categories":[78,54],"tags":[],"class_list":["post-110542","post","type-post","status-publish","format-standard","hentry","category-economie","category-maroc"],"_links":{"self":[{"href":"https:\/\/linitiative.ca\/International\/wp-json\/wp\/v2\/posts\/110542","targetHints":{"allow":["GET"]}}],"collection":[{"href":"https:\/\/linitiative.ca\/International\/wp-json\/wp\/v2\/posts"}],"about":[{"href":"https:\/\/linitiative.ca\/International\/wp-json\/wp\/v2\/types\/post"}],"author":[{"embeddable":true,"href":"https:\/\/linitiative.ca\/International\/wp-json\/wp\/v2\/users\/1787"}],"replies":[{"embeddable":true,"href":"https:\/\/linitiative.ca\/International\/wp-json\/wp\/v2\/comments?post=110542"}],"version-history":[{"count":0,"href":"https:\/\/linitiative.ca\/International\/wp-json\/wp\/v2\/posts\/110542\/revisions"}],"wp:attachment":[{"href":"https:\/\/linitiative.ca\/International\/wp-json\/wp\/v2\/media?parent=110542"}],"wp:term":[{"taxonomy":"category","embeddable":true,"href":"https:\/\/linitiative.ca\/International\/wp-json\/wp\/v2\/categories?post=110542"},{"taxonomy":"post_tag","embeddable":true,"href":"https:\/\/linitiative.ca\/International\/wp-json\/wp\/v2\/tags?post=110542"}],"curies":[{"name":"wp","href":"https:\/\/api.w.org\/{rel}","templated":true}]}}