{"id":110544,"date":"2021-02-03T16:40:29","date_gmt":"2021-02-03T21:40:29","guid":{"rendered":"https:\/\/linitiative.ca\/International\/tunisie-deces-dun-soldat-blesse-lors-dune-explosion-dune-mine-ce-mi-janvier\/"},"modified":"2021-02-03T16:40:29","modified_gmt":"2021-02-03T21:40:29","slug":"tunisie-deces-dun-soldat-blesse-lors-dune-explosion-dune-mine-ce-mi-janvier","status":"publish","type":"post","link":"https:\/\/linitiative.ca\/International\/tunisie-deces-dun-soldat-blesse-lors-dune-explosion-dune-mine-ce-mi-janvier\/","title":{"rendered":"Tunisie: D\u00e9c\u00e8s d\u2019un soldat bless\u00e9 lors d\u2019une explosion d\u2019une mine ce mi-janvier"},"content":{"rendered":"<div class=\"post-cont-in left relative\">\n<div id=\"post-info-wrap\" class=\"left relative post-info-out\">\n<div class=\"post-info-img left relative\"><img loading=\"lazy\" decoding=\"async\" alt=\"\" src=\"https:\/\/secure.gravatar.com\/avatar\/ea481d7287ad38ca1787f44b5bb1b70e?s=50&amp;d=mm&amp;r=g\" srcset=\"https:\/\/secure.gravatar.com\/avatar\/ea481d7287ad38ca1787f44b5bb1b70e?s=100&amp;d=mm&amp;r=g 2x\" class=\"avatar avatar-50 photo\" height=\"50\" width=\"50\"\/><\/div>\n<div class=\"post-info-in\">\n<div class=\"post-info-right left relative post-info-name left relative\"><span><span class=\"post-info-text\">Par<\/span> <span class=\"author-name vcard fn author\"><a href=\"https:\/\/www.tunisienumerique.com\/author\/rania-ben-slimane\/\" title=\"Articles par rania ben slimane\" rel=\"author\">rania ben slimane<\/a><\/span><\/span> <span class=\"post-date updated\"><time class=\"post-date updated\" datetime=\"2021-02-03\">\u00a0| Il y a 1 minute<\/time><\/span><\/div>\n<div class=\"left relative\"><button id=\"listenButton1\" class=\"responsivevoice-button\" type=\"button\" value=\"Play\" title=\"&#xC9;coutez l'article\"><span>\ud83d\udd0a \u00c9coutez l&rsquo;article<\/span><\/button> <\/div>\n<\/div>\n<\/div>\n<p>Le porte-parole du minist\u00e8re de la D\u00e9fense Nationale, Mohamed Zakri a annonc\u00e9 aujourd\u2019hui, mercredi, 03 f\u00e9vrier 2021 le d\u00e9c\u00e8s d\u2019un soldat bless\u00e9, le 14 janvier dernier, au niveau de la jambe suite \u00e0 l\u2019explosion d\u2019une mine artisanale dans les hauteurs du gouvernorat du Kef.<\/p>\n<div class=\"code-block code-block-1 c4\"><ins class=\"adsbygoogle c3\" data-ad-layout=\"in-article\" data-ad-format=\"fluid\" data-ad-client=\"ca-pub-2102118777505746\" data-ad-slot=\"7301775417\"\/> <\/div>\n<p>La m\u00eame source a indiqu\u00e9 dans un communiqu\u00e9 \u00e0 l\u2019agence de presse Tunis Afrique, que le soldat est d\u00e9c\u00e9d\u00e9 \u00e0 l\u2019H\u00f4pital Militaire de Tunis, suite \u00e0 la d\u00e9t\u00e9rioration de son \u00e9tat de sant\u00e9.<\/p>\n<p>Affirmant que ce soldat a \u00e9t\u00e9 bless\u00e9 lors d\u2019une mission op\u00e9rationnelle dans la r\u00e9gion et il a \u00e9t\u00e9 transf\u00e9r\u00e9 \u00e0 l\u2019H\u00f4pital R\u00e9gional du Kef pour y \u00eatre soign\u00e9 et son \u00e9tat de sant\u00e9 \u00e9tait stable.<\/p>\n<p>Le minist\u00e8re de la D\u00e9fense Nationale a annonc\u00e9 plus t\u00f4t dans la journ\u00e9e, le d\u00e9c\u00e8s de 4 soldats, \u00e0 la suite de l\u2019explosion d\u2019une mine artisanale au Mont Salta dans la d\u00e9l\u00e9gation de Jilma du gouvernorat de sidi Bouzid.<\/p>\n<p>L\u2019accident a eu lieu pendant le passage d\u2019une patrouille militaire de la caserne de Sbe\u00eftla, ex\u00e9cutant une op\u00e9ration de peignage dans les hauteurs occidentales du pays, pour poursuivre des \u00e9l\u00e9ments terroristes.<\/p>\n<div class=\"swp_social_panel swp_horizontal_panel swp_flat_fresh swp_default_full_color swp_individual_full_color swp_other_full_color scale-100 scale-\" data-min-width=\"1100\" data-float-color=\"#ffffff\" data-float=\"bottom\" data-float-mobile=\"bottom\" data-transition=\"slide\">\n<div class=\"nc_tweetContainer swp_share_button total_shares total_sharesalt\"><span class=\"swp_count\">0 <span class=\"swp_label\">Partages<\/span><\/span><\/div>\n<\/div>\n<p><strong>Que se passe-t-il en Tunisie?<\/strong><br \/>Nous expliquons sur notre <a href=\"https:\/\/www.youtube.com\/channel\/UCRzypVq0B_yBad5eGrwBx0Q?sub_confirmation=1\" target=\"_blank\" rel=\"noopener\">cha\u00eene YouTube<\/a> . <a href=\"https:\/\/www.youtube.com\/channel\/UCRzypVq0B_yBad5eGrwBx0Q?sub_confirmation=1\" target=\"_blank\" rel=\"noopener\">Abonnez-vous!<\/a><\/p>\n<div class=\"mvp-org-wrap mvp-org-logo\" itemprop=\"publisher\"><img decoding=\"async\" src=\"https:\/\/www.tunisienumerique.com\/wp-content\/uploads\/2017\/02\/logo_tunisie_numerique.png\"\/><\/div>\n<div class=\"mvp-related-posts left relative\">\n<h4 class=\"post-header\"><span class=\"post-header\">Lire aussi<\/span><\/h4>\n<\/div>\n<div id=\"article-ad\"><ins class=\"adsbygoogle c5\" data-ad-client=\"ca-pub-2102118777505746\" data-ad-slot=\"6513972734\" data-ad-format=\"auto\" data-full-width-responsive=\"true\"\/> <\/div>\n<\/div>\n<div id=\"post-sidebar-wrap\"><ins class=\"adsbygoogle c5\" data-ad-client=\"ca-pub-2102118777505746\" data-ad-slot=\"6168283410\" data-ad-format=\"auto\" data-full-width-responsive=\"true\"\/> <\/div>\n<p>Auteur: rania ben slimane<br \/>\n<a href=\"https:\/\/www.tunisienumerique.com\/tunisie-deces-dun-soldat-blesse-lors-dune-explosion-dune-mine-ce-mi-janvier\/\">Cliquez ici pour lire l&rsquo;article depuis sa source.<\/a><\/p>\n","protected":false},"excerpt":{"rendered":"<p>Par rania ben slimane \u00a0| Il y a 1 minute \ud83d\udd0a \u00c9coutez l&rsquo;article Le porte-parole du minist\u00e8re de la D\u00e9fense Nationale, Mohamed Zakri a annonc\u00e9 aujourd\u2019hui, mercredi, 03 f\u00e9vrier 2021 le d\u00e9c\u00e8s d\u2019un soldat bless\u00e9, le 14 janvier dernier, au niveau de la jambe suite \u00e0 l\u2019explosion d\u2019une mine artisanale dans les hauteurs du gouvernorat [&hellip;]<\/p>\n","protected":false},"author":1789,"featured_media":0,"comment_status":"closed","ping_status":"closed","sticky":false,"template":"","format":"standard","meta":{"fifu_image_url":"https:\/\/secure.gravatar.com\/avatar\/ea481d7287ad38ca1787f44b5bb1b70e?s=50&d=mm&r=g","fifu_image_alt":"Tunisie: D\u00e9c\u00e8s d\u2019un soldat bless\u00e9 lors d\u2019une explosion d\u2019une mine ce mi-janvier","footnotes":""},"categories":[73,55],"tags":[],"class_list":["post-110544","post","type-post","status-publish","format-standard","hentry","category-actualite","category-tunisie"],"_links":{"self":[{"href":"https:\/\/linitiative.ca\/International\/wp-json\/wp\/v2\/posts\/110544","targetHints":{"allow":["GET"]}}],"collection":[{"href":"https:\/\/linitiative.ca\/International\/wp-json\/wp\/v2\/posts"}],"about":[{"href":"https:\/\/linitiative.ca\/International\/wp-json\/wp\/v2\/types\/post"}],"author":[{"embeddable":true,"href":"https:\/\/linitiative.ca\/International\/wp-json\/wp\/v2\/users\/1789"}],"replies":[{"embeddable":true,"href":"https:\/\/linitiative.ca\/International\/wp-json\/wp\/v2\/comments?post=110544"}],"version-history":[{"count":0,"href":"https:\/\/linitiative.ca\/International\/wp-json\/wp\/v2\/posts\/110544\/revisions"}],"wp:attachment":[{"href":"https:\/\/linitiative.ca\/International\/wp-json\/wp\/v2\/media?parent=110544"}],"wp:term":[{"taxonomy":"category","embeddable":true,"href":"https:\/\/linitiative.ca\/International\/wp-json\/wp\/v2\/categories?post=110544"},{"taxonomy":"post_tag","embeddable":true,"href":"https:\/\/linitiative.ca\/International\/wp-json\/wp\/v2\/tags?post=110544"}],"curies":[{"name":"wp","href":"https:\/\/api.w.org\/{rel}","templated":true}]}}