{"id":110546,"date":"2021-02-03T17:07:58","date_gmt":"2021-02-03T22:07:58","guid":{"rendered":"https:\/\/linitiative.ca\/International\/tunisie-ouverture-dune-enquete-dinvestigation-sur-le-deces-dune-ouvriere-a-lusine\/"},"modified":"2021-02-03T17:07:58","modified_gmt":"2021-02-03T22:07:58","slug":"tunisie-ouverture-dune-enquete-dinvestigation-sur-le-deces-dune-ouvriere-a-lusine","status":"publish","type":"post","link":"https:\/\/linitiative.ca\/International\/tunisie-ouverture-dune-enquete-dinvestigation-sur-le-deces-dune-ouvriere-a-lusine\/","title":{"rendered":"Tunisie: Ouverture d\u2019une enqu\u00eate d\u2019investigation sur le d\u00e9c\u00e8s d\u2019une ouvri\u00e8re \u00e0 l\u2019usine"},"content":{"rendered":"<div class=\"post-cont-in left relative\">\n<div id=\"post-info-wrap\" class=\"left relative post-info-out\">\n<div class=\"post-info-img left relative\"><img loading=\"lazy\" decoding=\"async\" alt=\"\" src=\"https:\/\/secure.gravatar.com\/avatar\/ea481d7287ad38ca1787f44b5bb1b70e?s=50&amp;d=mm&amp;r=g\" srcset=\"https:\/\/secure.gravatar.com\/avatar\/ea481d7287ad38ca1787f44b5bb1b70e?s=100&amp;d=mm&amp;r=g 2x\" class=\"avatar avatar-50 photo\" height=\"50\" width=\"50\"\/><\/div>\n<div class=\"post-info-in\">\n<div class=\"post-info-right left relative post-info-name left relative\"><span><span class=\"post-info-text\">Par<\/span> <span class=\"author-name vcard fn author\"><a href=\"https:\/\/www.tunisienumerique.com\/author\/rania-ben-slimane\/\" title=\"Articles par rania ben slimane\" rel=\"author\">rania ben slimane<\/a><\/span><\/span> <span class=\"post-date updated\"><time class=\"post-date updated\" datetime=\"2021-02-03\">\u00a0| Il y a 1 minute<\/time><\/span><\/div>\n<div class=\"left relative\"><button id=\"listenButton1\" class=\"responsivevoice-button\" type=\"button\" value=\"Play\" title=\"&#xC9;coutez l'article\"><span>\ud83d\udd0a \u00c9coutez l&rsquo;article<\/span><\/button> <\/div>\n<\/div>\n<\/div>\n<p>Le procureur de la R\u00e9publique de Monastir a ordonn\u00e9 aujourd\u2019hui, mercredi 3 f\u00e9vrier 2021, l\u2019ouverture d\u2019une enqu\u00eate sur le d\u00e9c\u00e8s d\u2019une ouvri\u00e8re originaire de la ville de Jammel du gouvernorat de Monastir, travaillant dans une usine de couture dans la r\u00e9gion.<\/p>\n<div class=\"code-block code-block-1 c4\"><ins class=\"adsbygoogle c3\" data-ad-layout=\"in-article\" data-ad-format=\"fluid\" data-ad-client=\"ca-pub-2102118777505746\" data-ad-slot=\"7301775417\"\/> <\/div>\n<p>En outre, selon l\u2019agence Tunis Afrique Presse, le parquet de Monastir a ordonn\u00e9 hier l\u2019ouverture d\u2019une enqu\u00eate sur la mort d\u2019un \u00e9tranger belge n\u00e9 en 1951 et de son \u00e9pouse tunisienne, n\u00e9e en 1956, dont les corps ont \u00e9t\u00e9 d\u00e9couverts dans leur r\u00e9sidence \u00e0 Monastir.<\/p>\n<p>Le repr\u00e9sentant du parquet a examin\u00e9 les trois corps et les enqu\u00eates sont en cours, en attendant le rapport m\u00e9dico-l\u00e9gal, pour d\u00e9terminer les causes du d\u00e9c\u00e8s.<\/p>\n<div class=\"swp_social_panel swp_horizontal_panel swp_flat_fresh swp_default_full_color swp_individual_full_color swp_other_full_color scale-100 scale-\" data-min-width=\"1100\" data-float-color=\"#ffffff\" data-float=\"bottom\" data-float-mobile=\"bottom\" data-transition=\"slide\">\n<div class=\"nc_tweetContainer swp_share_button total_shares total_sharesalt\"><span class=\"swp_count\">0 <span class=\"swp_label\">Partages<\/span><\/span><\/div>\n<\/div>\n<p><strong>Que se passe-t-il en Tunisie?<\/strong><br \/>Nous expliquons sur notre <a href=\"https:\/\/www.youtube.com\/channel\/UCRzypVq0B_yBad5eGrwBx0Q?sub_confirmation=1\" target=\"_blank\" rel=\"noopener\">cha\u00eene YouTube<\/a> . <a href=\"https:\/\/www.youtube.com\/channel\/UCRzypVq0B_yBad5eGrwBx0Q?sub_confirmation=1\" target=\"_blank\" rel=\"noopener\">Abonnez-vous!<\/a><\/p>\n<div class=\"mvp-org-wrap mvp-org-logo\" itemprop=\"publisher\"><img decoding=\"async\" src=\"https:\/\/www.tunisienumerique.com\/wp-content\/uploads\/2017\/02\/logo_tunisie_numerique.png\"\/><\/div>\n<div class=\"mvp-related-posts left relative\">\n<h4 class=\"post-header\"><span class=\"post-header\">Lire aussi<\/span><\/h4>\n<\/div>\n<div id=\"article-ad\"><ins class=\"adsbygoogle c5\" data-ad-client=\"ca-pub-2102118777505746\" data-ad-slot=\"6513972734\" data-ad-format=\"auto\" data-full-width-responsive=\"true\"\/> <\/div>\n<\/div>\n<div id=\"post-sidebar-wrap\"><ins class=\"adsbygoogle c5\" data-ad-client=\"ca-pub-2102118777505746\" data-ad-slot=\"6168283410\" data-ad-format=\"auto\" data-full-width-responsive=\"true\"\/> <\/div>\n<p>Auteur: rania ben slimane<br \/>\n<a href=\"https:\/\/www.tunisienumerique.com\/tunisie-ouverture-dune-enquete-dinvestigation-sur-le-deces-dune-ouvriere-a-lusine\/\">Cliquez ici pour lire l&rsquo;article depuis sa source.<\/a><\/p>\n","protected":false},"excerpt":{"rendered":"<p>Par rania ben slimane \u00a0| Il y a 1 minute \ud83d\udd0a \u00c9coutez l&rsquo;article Le procureur de la R\u00e9publique de Monastir a ordonn\u00e9 aujourd\u2019hui, mercredi 3 f\u00e9vrier 2021, l\u2019ouverture d\u2019une enqu\u00eate sur le d\u00e9c\u00e8s d\u2019une ouvri\u00e8re originaire de la ville de Jammel du gouvernorat de Monastir, travaillant dans une usine de couture dans la r\u00e9gion. En [&hellip;]<\/p>\n","protected":false},"author":1789,"featured_media":0,"comment_status":"closed","ping_status":"closed","sticky":false,"template":"","format":"standard","meta":{"fifu_image_url":"https:\/\/secure.gravatar.com\/avatar\/ea481d7287ad38ca1787f44b5bb1b70e?s=50&d=mm&r=g","fifu_image_alt":"Tunisie: Ouverture d\u2019une enqu\u00eate d\u2019investigation sur le d\u00e9c\u00e8s d\u2019une ouvri\u00e8re \u00e0 l\u2019usine","footnotes":""},"categories":[73,55],"tags":[],"class_list":["post-110546","post","type-post","status-publish","format-standard","hentry","category-actualite","category-tunisie"],"_links":{"self":[{"href":"https:\/\/linitiative.ca\/International\/wp-json\/wp\/v2\/posts\/110546","targetHints":{"allow":["GET"]}}],"collection":[{"href":"https:\/\/linitiative.ca\/International\/wp-json\/wp\/v2\/posts"}],"about":[{"href":"https:\/\/linitiative.ca\/International\/wp-json\/wp\/v2\/types\/post"}],"author":[{"embeddable":true,"href":"https:\/\/linitiative.ca\/International\/wp-json\/wp\/v2\/users\/1789"}],"replies":[{"embeddable":true,"href":"https:\/\/linitiative.ca\/International\/wp-json\/wp\/v2\/comments?post=110546"}],"version-history":[{"count":0,"href":"https:\/\/linitiative.ca\/International\/wp-json\/wp\/v2\/posts\/110546\/revisions"}],"wp:attachment":[{"href":"https:\/\/linitiative.ca\/International\/wp-json\/wp\/v2\/media?parent=110546"}],"wp:term":[{"taxonomy":"category","embeddable":true,"href":"https:\/\/linitiative.ca\/International\/wp-json\/wp\/v2\/categories?post=110546"},{"taxonomy":"post_tag","embeddable":true,"href":"https:\/\/linitiative.ca\/International\/wp-json\/wp\/v2\/tags?post=110546"}],"curies":[{"name":"wp","href":"https:\/\/api.w.org\/{rel}","templated":true}]}}