{"id":110548,"date":"2021-02-03T16:20:16","date_gmt":"2021-02-03T21:20:16","guid":{"rendered":"https:\/\/linitiative.ca\/International\/arrivee-des-premieres-doses-vaccinales-contre-la-covid-19-jusqua-quand-le-reste-du-continent-attendra-t-il\/"},"modified":"2021-02-03T16:20:16","modified_gmt":"2021-02-03T21:20:16","slug":"arrivee-des-premieres-doses-vaccinales-contre-la-covid-19-jusqua-quand-le-reste-du-continent-attendra-t-il","status":"publish","type":"post","link":"https:\/\/linitiative.ca\/International\/arrivee-des-premieres-doses-vaccinales-contre-la-covid-19-jusqua-quand-le-reste-du-continent-attendra-t-il\/","title":{"rendered":"ARRIVEE DES PREMIERES DOSES VACCINALES CONTRE LA COVID-19:  Jusqu\u2019\u00e0 quand le reste du continent attendra-t-il ?"},"content":{"rendered":"<p class=\"c4\">C\u2019est le chef de l\u2019Etat sud-africain, Cyril Ramaphosa <em>hilmself<\/em>, qui \u00e9tait au bas de la passerelle du Boeing 777, le Lundi 1<sup>er<\/sup> f\u00e9vrier dernier pour accueillir les premi\u00e8res doses du vaccin AstraZeneca en provenance de l\u2019Inde. M\u00eame si l\u2019on projette de lancer la campagne de vaccination dans deux semaines encore, l\u2019on imagine assez ais\u00e9ment que ce premier arrivage constitue, pour le pr\u00e9sident de la nation arc-en-ciel, un v\u00e9ritable ouf de soulagement, comme du reste, il l\u2019a laiss\u00e9 entendre sur son compte Twitter\u00a0: \u00ab\u00a0<em>Ce jour marque une \u00e9tape importante dans la lutte contre la pand\u00e9mie\u00a0<\/em>\u00bb.\u00a0 Et pour cause.<\/p>\n<p class=\"c4\">D\u2019abord, l\u2019Afrique du Sud est le pays le plus touch\u00e9 par la pand\u00e9mie en Afrique. L\u2019on estime \u00e0 1\u00a0456\u00a0309, le nombre de malades de la Covid-19, pour un total de 44\u00a0339 d\u00e9c\u00e8s si l\u2019on s\u2019en tient aux derniers chiffres que l\u2019on sait par ailleurs tr\u00e8s \u00e9volutifs. Ensuite, la situation sud-africaine est aggrav\u00e9e par l\u2019apparition d\u2019une souche virale que l\u2019on soup\u00e7onne, m\u00eame si aucune \u00e9tude ne le confirme \u00e0 ce jour, plus virulente que celles qui circulent ailleurs dans le monde, du point de vue de la contagiosit\u00e9 et de la l\u00e9talit\u00e9.<\/p>\n<p class=\"c4\">L\u2019arriv\u00e9e des premi\u00e8res doses vaccinales constitue un d\u00e9but de solution \u00e0 la pand\u00e9mie<\/p>\n<p class=\"c4\">Et c\u2019est sans doute pour toutes ces raisons que Cyril Ramaphosa avait fait de la lutte contre la pand\u00e9mie, une cause personnelle. L\u2019on se souvient de son coup de gueule lors du r\u00e9cent sommet virtuel de Davos o\u00f9 il a fustig\u00e9 le comportement des pays riches qui s\u2019accaparent\u00a0 des vaccins en acqu\u00e9rant \u00ab\u00a0<em>jusqu\u2019\u00e0 quatre fois ce dont leur population a besoin\u00a0<\/em>\u00bb,\u00a0 d\u00e9non\u00e7ant ainsi un \u00ab\u00a0<em>nationalisme vaccinal\u00a0<\/em>\u00bb.<\/p>\n<p class=\"c4\">Mais si l\u2019on peut \u00eatre d\u2019avis avec le pr\u00e9sident Ramaphosa, que l\u2019arriv\u00e9e des premi\u00e8res doses vaccinales dans le pays, constitue un d\u00e9but de solution \u00e0 la pand\u00e9mie, elle ne saurait \u00eatre la solution miracle pour l\u2019Afrique du Sud qui doit s\u2019interroger v\u00e9ritablement sur sa politique sanitaire et le comportement de ses populations. L\u2019on se souvient, en effet, qu\u2019avant qu\u2019\u00e9clate la pand\u00e9mie de la maladie \u00e0 coronavirus, l\u2019Afrique du Sud s\u2019\u00e9tait taill\u00e9e aussi la triste r\u00e9putation d\u2019\u00eatre la nation la plus touch\u00e9e par le VIH\/SIDA, avec le plus grand nombre de cas. Il faut donc craindre que si rien n\u2019est fait dans le sens d\u2019une \u00e9volution des politiques publiques et des attitudes des Sud-africains, le pays ne soit condamn\u00e9 \u00e0 vivre les m\u00eames trag\u00e9dies \u00e0 r\u00e9p\u00e9tition. Du reste, l\u2019Afrique du Sud, de par son niveau de d\u00e9veloppement, ne devrait pas \u00eatre l\u00e0 \u00e0 attendre des solutions-miracles du reste du monde. Elle a les moyens humains et logistiques pour participer \u00e0 la course pour la recherche des vaccins et des traitements curatifs contre la Covid-19 et toutes les maladies \u00e9mergentes. Pour preuve, le r\u00e9cent scandale du \u00ab\u00a0<em>docteur de la mort\u00a0<\/em>\u00bb montre que depuis l\u2019\u00e9poque sombre de l\u2019apartheid, il existait d\u00e9j\u00e0 des laboratoires qui disposaient de technologies tr\u00e8s avanc\u00e9es, avec malheureusement parfois des desseins funestes.<\/p>\n<p class=\"c4\">Cela dit, l\u2019Afrique du Sud peut se vanter d\u2019\u00eatre un \u00eelot de prosp\u00e9rit\u00e9 dans l\u2019oc\u00e9an de mis\u00e8res que constitue le continent en mati\u00e8re d\u2019acquisition des vaccins contre la Covid-19. Exception faite des pays du Maghreb, le reste de l\u2019Afrique semble fig\u00e9 en la mati\u00e8re dans un immobilisme que l\u2019on pourrait qualifier de mortif\u00e8re.<\/p>\n<p class=\"c4\">L\u2019Afrique doit sortir de sa l\u00e9thargie face \u00e0 la probl\u00e9matique des vaccins<\/p>\n<p class=\"c4\">\u00a0En effet, le continent subit de plein fouet une seconde vague avec un taux de mortalit\u00e9 plus \u00e9lev\u00e9 \u00a0que dans le reste du monde. Pourquoi cet attentisme, pourrait-on se demander\u00a0? La premi\u00e8re explication est sans nul doute li\u00e9e \u00e0 la question des moyens. Au-del\u00e0 des \u00a0ressources financi\u00e8res qui font d\u00e9faut, les moyens techniques sp\u00e9cifiques \u00e0 la conservation de certains vaccins, en circulation, sont pratiquement impossibles \u00e0 r\u00e9unir au regard m\u00eame des conditions climatiques du continent. Le vaccin <em>Pfizer,<\/em> par exemple, doit \u00eatre conserv\u00e9 \u00e0 des conditions \u00e0 la limite extr\u00eames de basses temp\u00e9ratures. A ces difficult\u00e9s objectives, il faut ajouter des consid\u00e9rations plus subjectives que sont les craintes relatives \u00e0 la toxicit\u00e9 de ces nouveaux vaccins o\u00f9 \u00e0 la pr\u00e9sence de mol\u00e9cules destin\u00e9es \u00e0 freiner la f\u00e9condit\u00e9 des populations noires voire \u00e0 les \u00e9liminer pour des raisons racistes. Mais quelles que soient les raisons invoqu\u00e9es, l\u2019Afrique doit sortir de sa l\u00e9thargie face \u00e0 la probl\u00e9matique des vaccins contre la Covid-19, car elle ne peut plus se payer le luxe de nouveaux confinements, comme on le voit ailleurs, pour contrer les nouvelles vagues \u00e9pid\u00e9miologiques. La structure m\u00eame de l\u2019\u00e9conomie africaine ne l\u2019y autorise pas. Quelles solutions faut-il alors envisager\u00a0?<\/p>\n<p class=\"c4\">D\u2019abord, il y a la lueur d\u2019espoir de l\u2019initiative COVAX lanc\u00e9e par l\u2019Organisation mondiale de la Sant\u00e9 (OMS) et qui, gr\u00e2ce \u00e0 des accords, permettront \u00e0 190 pays \u00a0qui remplissent les conditions requises, d\u2019obtenir des doses de vaccins pour prot\u00e9ger les groupes vuln\u00e9rables au sein de leurs populations. Au moins 1,3 milliards de doses financ\u00e9es par des donateurs,\u00a0 seront ainsi livr\u00e9es \u00e0 ces pays avec l\u2019objectif d\u2019atteindre une couverture de 20% de la population d\u2019ici \u00e0 la fin de l\u2019ann\u00e9e. Cette initiative qui n\u2019a pas encore connu de r\u00e9sultats tangibles sur le terrain, vient d\u2019enregistrer le soutien du pr\u00e9sident fran\u00e7ais, Emmanuel Macron, qui a appel\u00e9 \u00e0 une accessibilit\u00e9 des vaccins pour tous. En attendant que s\u2019exprime cette g\u00e9n\u00e9rosit\u00e9 dans ce que l\u2019on a consacr\u00e9 dans le vocable de\u00a0 multilat\u00e9ralisme vaccinal, les Africains doivent, eux-m\u00eames,\u00a0 aussi d\u00e9velopper des initiatives endog\u00e8nes car comme dit le proverbe, \u00ab<em>quand le caillou tombe du ciel, chacun se prot\u00e8ge la t\u00eate\u00a0<\/em>\u00bb<\/p>\n<p class=\"c4\"><em>\u00ab\u00a0Le Pays\u00a0\u00bb<\/em><\/p>\n<p>Auteur: Le Pays<br \/>\n<a href=\"https:\/\/lepays.bf\/arrivee-des-premieres-doses-vaccinales-contre-la-covid-19-jusqua-quand-le-reste-du-continent-attendra-t-il\/\">Cliquez ici pour lire l&rsquo;article depuis sa source.<\/a><\/p>\n","protected":false},"excerpt":{"rendered":"<p>C\u2019est le chef de l\u2019Etat sud-africain, Cyril Ramaphosa hilmself, qui \u00e9tait au bas de la passerelle du Boeing 777, le Lundi 1er f\u00e9vrier dernier pour accueillir les premi\u00e8res doses du vaccin AstraZeneca en provenance de l\u2019Inde. M\u00eame si l\u2019on projette de lancer la campagne de vaccination dans deux semaines encore, l\u2019on imagine assez ais\u00e9ment que [&hellip;]<\/p>\n","protected":false},"author":1813,"featured_media":0,"comment_status":"closed","ping_status":"closed","sticky":false,"template":"","format":"standard","meta":{"fifu_image_url":"","fifu_image_alt":"","footnotes":""},"categories":[73,81],"tags":[],"class_list":["post-110548","post","type-post","status-publish","format-standard","hentry","category-actualite","category-burkina-faso"],"_links":{"self":[{"href":"https:\/\/linitiative.ca\/International\/wp-json\/wp\/v2\/posts\/110548","targetHints":{"allow":["GET"]}}],"collection":[{"href":"https:\/\/linitiative.ca\/International\/wp-json\/wp\/v2\/posts"}],"about":[{"href":"https:\/\/linitiative.ca\/International\/wp-json\/wp\/v2\/types\/post"}],"author":[{"embeddable":true,"href":"https:\/\/linitiative.ca\/International\/wp-json\/wp\/v2\/users\/1813"}],"replies":[{"embeddable":true,"href":"https:\/\/linitiative.ca\/International\/wp-json\/wp\/v2\/comments?post=110548"}],"version-history":[{"count":0,"href":"https:\/\/linitiative.ca\/International\/wp-json\/wp\/v2\/posts\/110548\/revisions"}],"wp:attachment":[{"href":"https:\/\/linitiative.ca\/International\/wp-json\/wp\/v2\/media?parent=110548"}],"wp:term":[{"taxonomy":"category","embeddable":true,"href":"https:\/\/linitiative.ca\/International\/wp-json\/wp\/v2\/categories?post=110548"},{"taxonomy":"post_tag","embeddable":true,"href":"https:\/\/linitiative.ca\/International\/wp-json\/wp\/v2\/tags?post=110548"}],"curies":[{"name":"wp","href":"https:\/\/api.w.org\/{rel}","templated":true}]}}