{"id":110552,"date":"2021-02-03T16:34:55","date_gmt":"2021-02-03T21:34:55","guid":{"rendered":"https:\/\/linitiative.ca\/International\/coup-de-coeur-retour-de-la-formation-civique-et-militaire-au-snd-une-mesure-qui-vaut-son-pesant-dor\/"},"modified":"2021-02-03T16:34:55","modified_gmt":"2021-02-03T21:34:55","slug":"coup-de-coeur-retour-de-la-formation-civique-et-militaire-au-snd-une-mesure-qui-vaut-son-pesant-dor","status":"publish","type":"post","link":"https:\/\/linitiative.ca\/International\/coup-de-coeur-retour-de-la-formation-civique-et-militaire-au-snd-une-mesure-qui-vaut-son-pesant-dor\/","title":{"rendered":"COUP DE C\u0152UR  Retour de la formation civique et militaire au SND : une mesure qui vaut son pesant d\u2019or"},"content":{"rendered":"<div class=\"featured-area featured-area-inner\"><img decoding=\"async\" width=\"780\" height=\"436\" src=\"https:\/\/lepays.bf\/wp-content\/uploads\/2017\/07\/lepaysresponsive.png\" class=\"attachment-jannah-image-post default-featured-img\" alt=\"\" loading=\"lazy\" srcset=\"https:\/\/lepays.bf\/wp-content\/uploads\/2017\/07\/lepaysresponsive.png 1137w, https:\/\/lepays.bf\/wp-content\/uploads\/2017\/07\/lepaysresponsive-300x168.png 300w, https:\/\/lepays.bf\/wp-content\/uploads\/2017\/07\/lepaysresponsive-768x430.png 768w, https:\/\/lepays.bf\/wp-content\/uploads\/2017\/07\/lepaysresponsive-1024x573.png 1024w\" sizes=\"auto, (max-width: 780px) 100vw, 780px\"\/><\/div>\n<div class=\"entry-content entry clearfix\" readability=\"51\">\n<p class=\"c4\">Le Conseil des ministres, en sa s\u00e9ance du 29 janvier dernier, a adopt\u00e9 un d\u00e9cret portant statuts du Service national pour le d\u00e9veloppement (SND). Ce d\u00e9cret porte sur l\u2019instauration de la formation civique et militaire au cours du SND. Le moins que l\u2019on puisse dire, c\u2019est qu\u2019il s\u2019agit l\u00e0 d\u2019une mesure qui vaut son pesant d\u2019or surtout quand on connait l\u2019ampleur que prend l\u2019incivisme dans notre pays. En tout cas, une telle d\u00e9cision tombe \u00e0 point nomm\u00e9 en ce sens qu\u2019elle s\u2019adapte aux \u00e9volutions du contexte institutionnel, politique et socio\u00e9conomique actuel de notre pays. On ose donc esp\u00e9rer qu\u2019elle produira les r\u00e9sultats escompt\u00e9s et qu\u2019elle sonnera le glas de l\u2019incivisme dans notre pays.<\/p>\n<p class=\"c4\">\u00a0COUP DE GUEULE<\/p>\n<p class=\"c4\">\u00a0Crise dans le secteur des transports\u00a0: trop, c\u2019est trop\u00a0!<\/p>\n<p class=\"c4\">Depuis quelques ann\u00e9es, le secteur des transports traverse une crise sans pr\u00e9c\u00e9dent si bien que l\u2019on assiste \u00e0 des gr\u00e8ves perl\u00e9es qui affectent bien d\u2019autres secteurs. Il importe peu de savoir qui des protagonistes a tort ou a raison. Mais on a envie de dire que trop, c\u2019en est trop ! Il faut qu\u2019une solution durable et d\u00e9finitive soit trouv\u00e9e pour que les choses rentrent dans l\u2019ordre. Ce faisant, tous les acteurs sont interpell\u00e9s. Il faut que les uns et les autres acceptent de mettre de l\u2019eau dans leur vin.<\/p>\n<\/div>\n<p>Auteur: Le Pays<br \/>\n<a href=\"https:\/\/lepays.bf\/coup-de-coeur-retour-de-la-formation-civique-et-militaire-au-snd-une-mesure-qui-vaut-son-pesant-dor\/\">Cliquez ici pour lire l&rsquo;article depuis sa source.<\/a><\/p>\n","protected":false},"excerpt":{"rendered":"<p>Le Conseil des ministres, en sa s\u00e9ance du 29 janvier dernier, a adopt\u00e9 un d\u00e9cret portant statuts du Service national pour le d\u00e9veloppement (SND). Ce d\u00e9cret porte sur l\u2019instauration de la formation civique et militaire au cours du SND. Le moins que l\u2019on puisse dire, c\u2019est qu\u2019il s\u2019agit l\u00e0 d\u2019une mesure qui vaut son pesant [&hellip;]<\/p>\n","protected":false},"author":1813,"featured_media":0,"comment_status":"closed","ping_status":"closed","sticky":false,"template":"","format":"standard","meta":{"fifu_image_url":"https:\/\/lepays.bf\/wp-content\/uploads\/2017\/07\/lepaysresponsive.png","fifu_image_alt":"COUP DE C\u0152UR  Retour de la formation civique et militaire au SND : une mesure qui vaut son pesant d\u2019or","footnotes":""},"categories":[73,81],"tags":[],"class_list":["post-110552","post","type-post","status-publish","format-standard","hentry","category-actualite","category-burkina-faso"],"_links":{"self":[{"href":"https:\/\/linitiative.ca\/International\/wp-json\/wp\/v2\/posts\/110552","targetHints":{"allow":["GET"]}}],"collection":[{"href":"https:\/\/linitiative.ca\/International\/wp-json\/wp\/v2\/posts"}],"about":[{"href":"https:\/\/linitiative.ca\/International\/wp-json\/wp\/v2\/types\/post"}],"author":[{"embeddable":true,"href":"https:\/\/linitiative.ca\/International\/wp-json\/wp\/v2\/users\/1813"}],"replies":[{"embeddable":true,"href":"https:\/\/linitiative.ca\/International\/wp-json\/wp\/v2\/comments?post=110552"}],"version-history":[{"count":0,"href":"https:\/\/linitiative.ca\/International\/wp-json\/wp\/v2\/posts\/110552\/revisions"}],"wp:attachment":[{"href":"https:\/\/linitiative.ca\/International\/wp-json\/wp\/v2\/media?parent=110552"}],"wp:term":[{"taxonomy":"category","embeddable":true,"href":"https:\/\/linitiative.ca\/International\/wp-json\/wp\/v2\/categories?post=110552"},{"taxonomy":"post_tag","embeddable":true,"href":"https:\/\/linitiative.ca\/International\/wp-json\/wp\/v2\/tags?post=110552"}],"curies":[{"name":"wp","href":"https:\/\/api.w.org\/{rel}","templated":true}]}}