{"id":110553,"date":"2021-02-02T17:43:19","date_gmt":"2021-02-02T22:43:19","guid":{"rendered":"https:\/\/linitiative.ca\/International\/prochain-sommet-de-lua-les-chefs-detat-de-la-cedeao-harmonisent-leurs-points-de-vue\/"},"modified":"2021-02-02T17:43:19","modified_gmt":"2021-02-02T22:43:19","slug":"prochain-sommet-de-lua-les-chefs-detat-de-la-cedeao-harmonisent-leurs-points-de-vue","status":"publish","type":"post","link":"https:\/\/linitiative.ca\/International\/prochain-sommet-de-lua-les-chefs-detat-de-la-cedeao-harmonisent-leurs-points-de-vue\/","title":{"rendered":"Prochain sommet de l\u2019UA : Les chefs d\u2019Etat de la CEDEAO harmonisent leurs points de vue"},"content":{"rendered":"<div class=\"td-post-featured-image\" readability=\"34\"><a href=\"https:\/\/www.sidwaya.info\/wp-content\/uploads\/2021\/02\/sommet1.jpg\" data-caption=\"Le Pr&#xE9;sident du Faso, Roch Marc Christian Kabor&#xE9; et ses pairs se sont accord&#xE9;s sur les diff&#xE9;rentes candidatures de l&#x2019;espace ouest-africain.\"><img loading=\"lazy\" decoding=\"async\" width=\"696\" height=\"394\" class=\"entry-thumb td-modal-image\" src=\"https:\/\/www.sidwaya.info\/wp-content\/uploads\/2021\/02\/sommet1-696x394.jpg\" srcset=\"https:\/\/www.sidwaya.info\/wp-content\/uploads\/2021\/02\/sommet1-696x394.jpg 696w, https:\/\/www.sidwaya.info\/wp-content\/uploads\/2021\/02\/sommet1-300x170.jpg 300w, https:\/\/www.sidwaya.info\/wp-content\/uploads\/2021\/02\/sommet1-768x434.jpg 768w, https:\/\/www.sidwaya.info\/wp-content\/uploads\/2021\/02\/sommet1-150x85.jpg 150w, https:\/\/www.sidwaya.info\/wp-content\/uploads\/2021\/02\/sommet1-743x420.jpg 743w, https:\/\/www.sidwaya.info\/wp-content\/uploads\/2021\/02\/sommet1.jpg 787w\" sizes=\"auto, (max-width: 696px) 100vw, 696px\" alt=\"\" title=\"sommet1\"\/><\/a>Le Pr\u00e9sident du Faso, Roch Marc Christian Kabor\u00e9 et ses pairs se sont accord\u00e9s sur les diff\u00e9rentes candidatures de l\u2019espace ouest-africain.<\/div>\n<p><strong>Le Pr\u00e9sident du Faso, Roch Marc Christian Kabor\u00e9, a particip\u00e9 par visioconf\u00e9rence, le mardi 2 f\u00e9vrier 2021 \u00e0 Ouagadougou, \u00e0 un sommet extraordinaire des Chefs d\u2019Etat de la Communaut\u00e9 \u00e9conomique des Etats de l\u2019Afrique de l\u2019Ouest (CEDEAO) afin d\u2019harmoniser leurs vues en pr\u00e9lude \u00e0 la tenue du 34e sommet de l\u2019Union africaine pr\u00e9vue les 6 et 7 f\u00e9vrier prochains.<\/strong><\/p>\n<p>A quelques jours de la 34e session ordinaire du sommet de l\u2019Union africaine, pr\u00e9vue pour se tenir, les 6 et 7 f\u00e9vrier 2021 \u00e0 Addis Abeba, en Ethiopie, les chefs d\u2019Etat de la Communaut\u00e9 \u00e9conomique des Etats de l\u2019Afrique de l\u2019Ouest (CEDEAO) se sont r\u00e9unis par visioconf\u00e9rence, le mardi 2 f\u00e9vrier. Ce sommet extraordinaire \u00e0 laquelle a pris part le Pr\u00e9sident du Faso, Roch Marc Christian Kabor\u00e9, selon le ministre des Affaires \u00e9trang\u00e8res, de la Coop\u00e9ration et des Burkinab\u00e8 de l\u2019ext\u00e9rieur, Alpha Barry, avait pour objectif\u00a0\u00ab\u00a0d\u2019harmoniser les points de vue sur la position\u00a0de la CEDEAO\u00a0\u00bb avant la rencontre d\u2019Addis Abeba.<\/p>\n<p>Le chef de la diplomatie burkinab\u00e8 a, en outre, fait savoir qu\u2019il a \u00e9t\u00e9 principalement question de s\u2019accorder sur les diff\u00e9rentes candidatures de l\u2019espace ouest-africain afin que<\/p>\n<p><img decoding=\"async\" loading=\"lazy\" class=\"size-medium wp-image-32061\" src=\"https:\/\/www.sidwaya.info\/wp-content\/uploads\/2021\/02\/sommet2-300x207.jpg\" alt=\"\" width=\"300\" height=\"207\" srcset=\"https:\/\/www.sidwaya.info\/wp-content\/uploads\/2021\/02\/sommet2-300x207.jpg 300w, https:\/\/www.sidwaya.info\/wp-content\/uploads\/2021\/02\/sommet2-768x529.jpg 768w, https:\/\/www.sidwaya.info\/wp-content\/uploads\/2021\/02\/sommet2-150x103.jpg 150w, https:\/\/www.sidwaya.info\/wp-content\/uploads\/2021\/02\/sommet2-218x150.jpg 218w, https:\/\/www.sidwaya.info\/wp-content\/uploads\/2021\/02\/sommet2-696x479.jpg 696w, https:\/\/www.sidwaya.info\/wp-content\/uploads\/2021\/02\/sommet2-610x420.jpg 610w, https:\/\/www.sidwaya.info\/wp-content\/uploads\/2021\/02\/sommet2-100x70.jpg 100w, https:\/\/www.sidwaya.info\/wp-content\/uploads\/2021\/02\/sommet2.jpg 787w\" sizes=\"auto, (max-width: 300px) 100vw, 300px\"\/>Le ministre en charge des affaires \u00e9trang\u00e8res, Alpha Barry (droite), a indiqu\u00e9 que les chefs d\u2019Etat de la CEDEAO vont soutenir \u2026<\/p>\n<p>les pays qui la composent ne se retrouvent pas en comp\u00e9tition \u00e0 l\u2019Union africaine pour un quelconque poste.\u00a0\u00ab\u00a0Il s\u2019agissait de pouvoir s\u2019entendre sur des pays dont les candidats repr\u00e9senteront l\u2019Afrique de l\u2019Ouest. Et, les chefs d\u2019Etat ont pu harmoniser leurs positions sur la base de l\u2019esprit de fraternit\u00e9 qui a toujours pr\u00e9valu au sein de l\u2019espace\u00a0\u00bb, a indiqu\u00e9 Alpha Barry.<\/p>\n<p>Ainsi, a-t-il soulign\u00e9, Roch Christian Kabor\u00e9 et ses pairs ont d\u00e9cid\u00e9 de faire chorus derri\u00e8re la candidature du Nigeria, pour occuper le poste de Commissaire politique, paix et s\u00e9curit\u00e9, \u00e0 la prochaine rencontre ordinaire de l\u2019UA. En plus, il a confi\u00e9 que les \u00e9changes ont permis de s\u2019accorder sur le futur pr\u00e9sident en exercice de l\u2019Union africaine en 2022-2023 qui \u00e9choit \u00e0 la CEDEAO. Cette rencontre par vision conf\u00e9rence a \u00e9t\u00e9 l\u2019occasion pour les chefs d\u2019Etat, \u00e0 en croire Alpha Barry, de se pencher sur les reformes de l\u2019espace communautaire, notamment sur la rationalisation de son budget pour un fonctionnement plus efficace.<\/p>\n<p class=\"c1\"><strong>Souma\u00efla BONKOUNGOU<\/strong><\/p>\n<div class=\"td-a-rec td-a-rec-id-content_bottom tdi_33_0b9 td_block_template_1\"><img loading=\"lazy\" decoding=\"async\" class=\"aligncenter size-full wp-image-27454\" src=\"https:\/\/www.sidwaya.info\/wp-content\/uploads\/2020\/10\/PUB-Bandeau-paiement-mobile-siteweb.jpg\" alt=\"\" width=\"728\" height=\"90\"\/><\/div>\n<p>Auteur: JK. Sidwaya<br \/>\n<a href=\"https:\/\/www.sidwaya.info\/blog\/2021\/02\/02\/prochain-sommet-de-lua-les-chefs-detat-de-la-cedeao-harmonisent-leurs-points-de-vue\/\">Cliquez ici pour lire l&rsquo;article depuis sa source.<\/a><\/p>\n","protected":false},"excerpt":{"rendered":"<p>Le Pr\u00e9sident du Faso, Roch Marc Christian Kabor\u00e9 et ses pairs se sont accord\u00e9s sur les diff\u00e9rentes candidatures de l\u2019espace ouest-africain. Le Pr\u00e9sident du Faso, Roch Marc Christian Kabor\u00e9, a particip\u00e9 par visioconf\u00e9rence, le mardi 2 f\u00e9vrier 2021 \u00e0 Ouagadougou, \u00e0 un sommet extraordinaire des Chefs d\u2019Etat de la Communaut\u00e9 \u00e9conomique des Etats de l\u2019Afrique [&hellip;]<\/p>\n","protected":false},"author":1816,"featured_media":0,"comment_status":"closed","ping_status":"closed","sticky":false,"template":"","format":"standard","meta":{"fifu_image_url":"https:\/\/www.sidwaya.info\/wp-content\/uploads\/2021\/02\/sommet1-696x394.jpg","fifu_image_alt":"Prochain sommet de l\u2019UA : Les chefs d\u2019Etat de la CEDEAO harmonisent leurs points de vue","footnotes":""},"categories":[73,81],"tags":[],"class_list":["post-110553","post","type-post","status-publish","format-standard","hentry","category-actualite","category-burkina-faso"],"_links":{"self":[{"href":"https:\/\/linitiative.ca\/International\/wp-json\/wp\/v2\/posts\/110553","targetHints":{"allow":["GET"]}}],"collection":[{"href":"https:\/\/linitiative.ca\/International\/wp-json\/wp\/v2\/posts"}],"about":[{"href":"https:\/\/linitiative.ca\/International\/wp-json\/wp\/v2\/types\/post"}],"author":[{"embeddable":true,"href":"https:\/\/linitiative.ca\/International\/wp-json\/wp\/v2\/users\/1816"}],"replies":[{"embeddable":true,"href":"https:\/\/linitiative.ca\/International\/wp-json\/wp\/v2\/comments?post=110553"}],"version-history":[{"count":0,"href":"https:\/\/linitiative.ca\/International\/wp-json\/wp\/v2\/posts\/110553\/revisions"}],"wp:attachment":[{"href":"https:\/\/linitiative.ca\/International\/wp-json\/wp\/v2\/media?parent=110553"}],"wp:term":[{"taxonomy":"category","embeddable":true,"href":"https:\/\/linitiative.ca\/International\/wp-json\/wp\/v2\/categories?post=110553"},{"taxonomy":"post_tag","embeddable":true,"href":"https:\/\/linitiative.ca\/International\/wp-json\/wp\/v2\/tags?post=110553"}],"curies":[{"name":"wp","href":"https:\/\/api.w.org\/{rel}","templated":true}]}}