{"id":110556,"date":"2021-02-02T18:02:46","date_gmt":"2021-02-02T23:02:46","guid":{"rendered":"https:\/\/linitiative.ca\/International\/lutte-contre-la-covid-19-un-nouveau-plan-de-riposte-en-gestation\/"},"modified":"2021-02-02T18:02:46","modified_gmt":"2021-02-02T23:02:46","slug":"lutte-contre-la-covid-19-un-nouveau-plan-de-riposte-en-gestation","status":"publish","type":"post","link":"https:\/\/linitiative.ca\/International\/lutte-contre-la-covid-19-un-nouveau-plan-de-riposte-en-gestation\/","title":{"rendered":"Lutte contre la COVID-19 : Un nouveau plan de riposte en gestation"},"content":{"rendered":"<div class=\"td-post-featured-image\" readability=\"34\"><a href=\"https:\/\/www.sidwaya.info\/wp-content\/uploads\/2021\/02\/covid.jpg\" data-caption=\"Le secr&#xE9;taire ex&#xE9;cutif du Comit&#xE9; national de gestion de la pand&#xE9;mie du coronavirus, Th&#xE9;odore Pal&#xE9;&#xA0;:&#xA0;&#xAB;&#xA0;les grosses lacunes que nous avons sont li&#xE9;es au financement&#xA0;&#xBB;.\"><img loading=\"lazy\" decoding=\"async\" width=\"696\" height=\"582\" class=\"entry-thumb td-modal-image\" src=\"https:\/\/www.sidwaya.info\/wp-content\/uploads\/2021\/02\/covid-696x582.jpg\" srcset=\"https:\/\/www.sidwaya.info\/wp-content\/uploads\/2021\/02\/covid-696x582.jpg 696w, https:\/\/www.sidwaya.info\/wp-content\/uploads\/2021\/02\/covid-300x251.jpg 300w, https:\/\/www.sidwaya.info\/wp-content\/uploads\/2021\/02\/covid-768x642.jpg 768w, https:\/\/www.sidwaya.info\/wp-content\/uploads\/2021\/02\/covid-150x125.jpg 150w, https:\/\/www.sidwaya.info\/wp-content\/uploads\/2021\/02\/covid-502x420.jpg 502w, https:\/\/www.sidwaya.info\/wp-content\/uploads\/2021\/02\/covid.jpg 780w\" sizes=\"auto, (max-width: 696px) 100vw, 696px\" alt=\"\" title=\"covid\"\/><\/a>Le secr\u00e9taire ex\u00e9cutif du Comit\u00e9 national de gestion de la pand\u00e9mie du coronavirus, Th\u00e9odore Pal\u00e9\u00a0:\u00a0\u00ab\u00a0les grosses lacunes que nous avons sont li\u00e9es au financement\u00a0\u00bb.<\/div>\n<p><strong>Le Comit\u00e9 national de gestion de la crise de la pand\u00e9mie \u00e0 coronavirus s\u2019est r\u00e9uni, le mardi 2 f\u00e9vrier 2021, \u00e0 Ouagadougou, pour \u00e9valuer le plan de riposte et d\u00e9gager des perspectives pour la r\u00e9organisation de la lutte contre la maladie.<\/strong><\/p>\n<p>Le Burkina Faso veut \u00e9laborer un nouveau plan de riposte contre la maladie \u00e0 coronavirus. Dans ce sens, le comit\u00e9 national de gestion de la pand\u00e9mie s\u2019est r\u00e9uni, le mardi 2 f\u00e9vrier 2021, pour \u00e9valuer le pr\u00e9c\u00e9dent plan de riposte. Lors de cette rencontre trois communications ont \u00e9t\u00e9 faites par le directeur du Centre des op\u00e9rations de r\u00e9ponse aux urgences sanitaires (CORUS), Dr Brice Bicaba, le Directeur r\u00e9gional (DR) de la sant\u00e9 du Centre, Dr Thomas Ou\u00e9draogo et le secr\u00e9taire ex\u00e9cutif du comit\u00e9, Th\u00e9odore Pal\u00e9. Il est ressorti que le plan de riposte \u00e9tait bas\u00e9 sur l\u2019hypoth\u00e8se selon laquelle, la maladie devrait prendre fin en d\u00e9cembre 2020.<\/p>\n<p>\u00ab\u00a0Etant donn\u00e9 que la pand\u00e9mie perdure, il est de notre devoir de revoir notre strat\u00e9gie\u00a0\u00bb, a justifi\u00e9 le secr\u00e9taire ex\u00e9cutif du comit\u00e9 national, Th\u00e9odore Pal\u00e9. Dr Bicaba a inform\u00e9, que la tendance est \u00e0 la baisse quant au nombre de cas confirm\u00e9s, mais un peu \u00e0 la hausse pour le nombre de d\u00e9c\u00e8s. Pour preuve, il a confi\u00e9 que le pays a enregistr\u00e9 35 morts en janvier et 18 en d\u00e9cembre soit 40% du nombre total des d\u00e9c\u00e8s. A propos des districts sanitaires qui comptent plus de cas, Dr Bicaba a cit\u00e9 dans la r\u00e9gion du Centre, les districts de Bogodogo, Boulmiougou et Baskuy, les districts de Do et Dafra pour la r\u00e9gion des Hauts-Bassins. Pour ce qui concerne sp\u00e9cifiquement la r\u00e9gion du Centre, le DR de la sant\u00e9 a soutenu que les districts de Bogodogo et Baskuy ont le nombre le plus \u00e9lev\u00e9 de cas, parce qu\u2019ils regorgent la majorit\u00e9 des h\u00f4tels et centres de sant\u00e9 o\u00f9 sont log\u00e9s certains \u2018\u2019malades\u2019\u2019.<\/p>\n<p>Les communicateurs ont \u00e9voqu\u00e9 quelques difficult\u00e9s auxquelles, ils font face. Dr Bicaba a parl\u00e9 de la rupture ou le risque de rupture des kits, les contraintes li\u00e9es \u00e0 la prise en charge des patients \u00e0 domicile et le non-respect des mesures-barri\u00e8res. Toutes ces complications ont pour cons\u00e9quence l\u2019accroissement du nombre de cas graves et de d\u00e9c\u00e8s, le risque de saturation des services de sant\u00e9, etc. \u00ab\u00a0Il faut que les populations respectent les mesures-barri\u00e8res. Dans les services, les lieux publics et autres endroits qui drainent du monde, chacun doit respecter les mesures pour minimiser les risques de propagation de la maladie\u00a0\u00bb, a exhort\u00e9 Dr Bicaba.<\/p>\n<p>Dr Ou\u00e9draogo, lui, a cit\u00e9 pour ce qui est de la r\u00e9gion du Centre, un probl\u00e8me de mobilisation des ressources, une faible implication des autres acteurs dans la lutte, une insuffisance de la logistique roulante, la gestion des d\u00e9chets de pr\u00e9l\u00e8vement avec l\u2019av\u00e8nement des tests rapides dans les sites et la faible motivation des agents de sant\u00e9. \u00ab\u00a0Les grosses lacunes que nous avons sont li\u00e9es au financement\u00a0\u00bb, a dit M. Pal\u00e9. A l\u2019entendre, le nouveau plan de riposte devra tenir compte de l\u2019ensemble des difficult\u00e9s \u00e9num\u00e9r\u00e9es afin d\u2019\u00e9laborer un plan r\u00e9alisable. Cependant, il a soulign\u00e9 que chaque acteur est convaincu de l\u2019existence de la maladie et qu\u2019il faille alors vivre avec. \u00ab\u00a0Notre plan doit tenir compte de ce param\u00e8tre\u00a0\u00bb, a-t-il dit. Le gouverneur de la r\u00e9gion du Centre, Sibiri De Issa Ou\u00e9draogo, lui, s\u2019est f\u00e9licit\u00e9 de l\u2019ensemble des moyens d\u00e9ploy\u00e9s par le gouvernement pour lutter contre la maladie.<\/p>\n<p class=\"c1\"><strong>Gaspard BAYALA<\/strong><\/p>\n<div class=\"td-a-rec td-a-rec-id-content_bottom tdi_33_60a td_block_template_1\"><img loading=\"lazy\" decoding=\"async\" class=\"aligncenter size-full wp-image-27454\" src=\"https:\/\/www.sidwaya.info\/wp-content\/uploads\/2020\/10\/PUB-Bandeau-paiement-mobile-siteweb.jpg\" alt=\"\" width=\"728\" height=\"90\"\/><\/div>\n<p>Auteur: JK. Sidwaya<br \/>\n<a href=\"https:\/\/www.sidwaya.info\/blog\/2021\/02\/02\/lutte-contre-la-covid-19-un-nouveau-plan-de-riposte-en-gestation\/\">Cliquez ici pour lire l&rsquo;article depuis sa source.<\/a><\/p>\n","protected":false},"excerpt":{"rendered":"<p>Le secr\u00e9taire ex\u00e9cutif du Comit\u00e9 national de gestion de la pand\u00e9mie du coronavirus, Th\u00e9odore Pal\u00e9\u00a0:\u00a0\u00ab\u00a0les grosses lacunes que nous avons sont li\u00e9es au financement\u00a0\u00bb. Le Comit\u00e9 national de gestion de la crise de la pand\u00e9mie \u00e0 coronavirus s\u2019est r\u00e9uni, le mardi 2 f\u00e9vrier 2021, \u00e0 Ouagadougou, pour \u00e9valuer le plan de riposte et d\u00e9gager des [&hellip;]<\/p>\n","protected":false},"author":1816,"featured_media":0,"comment_status":"closed","ping_status":"closed","sticky":false,"template":"","format":"standard","meta":{"fifu_image_url":"https:\/\/www.sidwaya.info\/wp-content\/uploads\/2021\/02\/covid-696x582.jpg","fifu_image_alt":"Lutte contre la COVID-19 : Un nouveau plan de riposte en gestation","footnotes":""},"categories":[73,81],"tags":[],"class_list":["post-110556","post","type-post","status-publish","format-standard","hentry","category-actualite","category-burkina-faso"],"_links":{"self":[{"href":"https:\/\/linitiative.ca\/International\/wp-json\/wp\/v2\/posts\/110556","targetHints":{"allow":["GET"]}}],"collection":[{"href":"https:\/\/linitiative.ca\/International\/wp-json\/wp\/v2\/posts"}],"about":[{"href":"https:\/\/linitiative.ca\/International\/wp-json\/wp\/v2\/types\/post"}],"author":[{"embeddable":true,"href":"https:\/\/linitiative.ca\/International\/wp-json\/wp\/v2\/users\/1816"}],"replies":[{"embeddable":true,"href":"https:\/\/linitiative.ca\/International\/wp-json\/wp\/v2\/comments?post=110556"}],"version-history":[{"count":0,"href":"https:\/\/linitiative.ca\/International\/wp-json\/wp\/v2\/posts\/110556\/revisions"}],"wp:attachment":[{"href":"https:\/\/linitiative.ca\/International\/wp-json\/wp\/v2\/media?parent=110556"}],"wp:term":[{"taxonomy":"category","embeddable":true,"href":"https:\/\/linitiative.ca\/International\/wp-json\/wp\/v2\/categories?post=110556"},{"taxonomy":"post_tag","embeddable":true,"href":"https:\/\/linitiative.ca\/International\/wp-json\/wp\/v2\/tags?post=110556"}],"curies":[{"name":"wp","href":"https:\/\/api.w.org\/{rel}","templated":true}]}}