{"id":110558,"date":"2021-02-03T14:18:05","date_gmt":"2021-02-03T19:18:05","guid":{"rendered":"https:\/\/linitiative.ca\/International\/la-cote-divoire-compte-pres-de-20-mille-policiers-en-2021-ministre\/"},"modified":"2021-02-03T14:18:05","modified_gmt":"2021-02-03T19:18:05","slug":"la-cote-divoire-compte-pres-de-20-mille-policiers-en-2021-ministre","status":"publish","type":"post","link":"https:\/\/linitiative.ca\/International\/la-cote-divoire-compte-pres-de-20-mille-policiers-en-2021-ministre\/","title":{"rendered":"La C\u00f4te d\u2019Ivoire compte pr\u00e8s de 20 mille policiers en 2021 (Ministre)"},"content":{"rendered":"<div readability=\"32\">\n<p>Publi\u00e9 le 03.02.2021 \u00e0 20h18 par APA News<\/p>\n<\/div>\n<div readability=\"64\">\n<p>Le ministre ivoirien de la communication et des m\u00e9dias, par ailleurs, porte-parole du gouvernement ivoirien, Sidi Ti\u00e9moko Tour\u00e9 a annonc\u00e9 mercredi la cr\u00e9ation de l\u2019\u00e9cole de police de Korhogo ( Nord), la deuxi\u00e8me du pays apr\u00e8s celle d\u2019Abidjan, r\u00e9v\u00e9lant que la C\u00f4te d\u2019Ivoire compte 19 993 policiers en 2021, un effectif en de\u00e7\u00e0 de la norme requise.<\/p>\n<p>\u00ab Il y a eu une \u00e9tude sur la r\u00e9alisation d\u2019une loi de programmation de la s\u00e9curit\u00e9 int\u00e9rieure qui recommande un ratio d\u2019un policier pour 400 habitants, c\u2019est-\u00e0-dire un effectif \u00e0 terme selon la loi de programmation de 26 701 agents sur toute l\u2019\u00e9tendue du territoire national. Et en 2016, lors de l\u2019\u00e9valuation de cette loi de programmation, l\u2019on d\u00e9nombrait 16 853 policiers en activit\u00e9. Et en 2021, 19 993 agents, c\u2019est \u00e0 dire en de\u00e7\u00e0 des effectifs requis\u00bb, a fait savoir M. Tour\u00e9.\u00a0<\/p>\n<p>Il s\u2019exprimait au terme d\u2019un Conseil des ministres pr\u00e9sid\u00e9 au palais pr\u00e9sidentiel d\u2019Abidjan par le chef de l\u2019Etat ivoirien Alassane Ouattara.<\/p>\n<p>\u00a0Auparavant, le porte-parole du gouvernement ivoirien a expliqu\u00e9 que l\u2019\u00e9cole de police de Korhogo, cr\u00e9\u00e9e pr\u00e8s de 50 ans apr\u00e8s celle d\u2019Abidjan, \u00a0\u00ab permettra de renforcer non seulement les capacit\u00e9s d\u2019accueil et de formation des personnels de la police nationale, mais \u00e9galement d\u2019augmenter le nombre des agents de police en quantit\u00e9 et en qualit\u00e9 conform\u00e9ment aux standards internationaux\u00bb.<\/p>\n<\/div>\n<p>Auteur: APA News<br \/>\n<a href=\"https:\/\/www.journalducameroun.com\/la-cote-divoire-compte-pres-de-20-mille-policiers-en-2021-ministre\/\">Cliquez ici pour lire l&rsquo;article depuis sa source.<\/a><\/p>\n","protected":false},"excerpt":{"rendered":"<p>Publi\u00e9 le 03.02.2021 \u00e0 20h18 par APA News Le ministre ivoirien de la communication et des m\u00e9dias, par ailleurs, porte-parole du gouvernement ivoirien, Sidi Ti\u00e9moko Tour\u00e9 a annonc\u00e9 mercredi la cr\u00e9ation de l\u2019\u00e9cole de police de Korhogo ( Nord), la deuxi\u00e8me du pays apr\u00e8s celle d\u2019Abidjan, r\u00e9v\u00e9lant que la C\u00f4te d\u2019Ivoire compte 19 993 policiers [&hellip;]<\/p>\n","protected":false},"author":1965,"featured_media":0,"comment_status":"closed","ping_status":"closed","sticky":false,"template":"","format":"standard","meta":{"fifu_image_url":"","fifu_image_alt":"","footnotes":""},"categories":[73,82],"tags":[],"class_list":["post-110558","post","type-post","status-publish","format-standard","hentry","category-actualite","category-cameroun"],"_links":{"self":[{"href":"https:\/\/linitiative.ca\/International\/wp-json\/wp\/v2\/posts\/110558","targetHints":{"allow":["GET"]}}],"collection":[{"href":"https:\/\/linitiative.ca\/International\/wp-json\/wp\/v2\/posts"}],"about":[{"href":"https:\/\/linitiative.ca\/International\/wp-json\/wp\/v2\/types\/post"}],"author":[{"embeddable":true,"href":"https:\/\/linitiative.ca\/International\/wp-json\/wp\/v2\/users\/1965"}],"replies":[{"embeddable":true,"href":"https:\/\/linitiative.ca\/International\/wp-json\/wp\/v2\/comments?post=110558"}],"version-history":[{"count":0,"href":"https:\/\/linitiative.ca\/International\/wp-json\/wp\/v2\/posts\/110558\/revisions"}],"wp:attachment":[{"href":"https:\/\/linitiative.ca\/International\/wp-json\/wp\/v2\/media?parent=110558"}],"wp:term":[{"taxonomy":"category","embeddable":true,"href":"https:\/\/linitiative.ca\/International\/wp-json\/wp\/v2\/categories?post=110558"},{"taxonomy":"post_tag","embeddable":true,"href":"https:\/\/linitiative.ca\/International\/wp-json\/wp\/v2\/tags?post=110558"}],"curies":[{"name":"wp","href":"https:\/\/api.w.org\/{rel}","templated":true}]}}